{"id":20358,"date":"2025-11-28T16:34:11","date_gmt":"2025-11-28T15:34:11","guid":{"rendered":"https:\/\/serbenidorm.daliisolutions.com\/index.php\/2025\/11\/28\/perez-llorca-ya-esta-pensando-en-nombres-para-el-nuevo-consell-pero-pide-respetar-tiempos\/"},"modified":"2025-11-28T16:34:11","modified_gmt":"2025-11-28T15:34:11","slug":"perez-llorca-ya-esta-pensando-en-nombres-para-el-nuevo-consell-pero-pide-respetar-tiempos","status":"publish","type":"post","link":"https:\/\/serbenidorm.daliisolutions.com\/index.php\/2025\/11\/28\/perez-llorca-ya-esta-pensando-en-nombres-para-el-nuevo-consell-pero-pide-respetar-tiempos\/","title":{"rendered":"P\u00e9rez Llorca ya est\u00e1 pensando en nombres para el nuevo Consell pero pide respetar tiempos"},"content":{"rendered":" <p>El reci\u00e9n investido president de la Generalitat, Juanfran P\u00e9rez Llorca, ha presentado este viernes su renuncia como alcalde de Finestrat (Alicante), un ayuntamiento al que ha representado, como concejal o alcalde, durante 21 a\u00f1os, y que hoy abandona con un sensaci\u00f3n de tristeza pero tambi\u00e9n contento por el reto que asume.<\/p>  <p>P\u00e9rez Llorca fue investido president de la Generalitat este jueves en Les Corts Valencianes con los votos del PP y Vox, en sustituci\u00f3n de Carlos Maz\u00f3n, quien present\u00f3 su dimisi\u00f3n el 3 de noviembre, y tomar\u00e1 posesi\u00f3n del cargo el pr\u00f3ximo martes, una vez su elecci\u00f3n se publique en el Bolet\u00edn Oficial del Estado (BOE).<\/p>  <p>En declaraciones a los periodistas a su llegada al Ayuntamiento de Finestrat para presentar su renuncia como alcalde, P\u00e9rez Llorca ha reconocido estar \u00abcontento\u00bb por el cargo que asume pero tambi\u00e9n ha dicho que es para \u00e9l un d\u00eda \u00abun poco triste\u00bb por tener que despedirse de una localidad a la que ha servido como concejal o alcalde los \u00faltimos 21 a\u00f1os.<\/p>  <p>P\u00e9rez Llorca ha sido alcalde de este municipio de menos de 10.000 habitantes pegado a Benidorm durante los \u00faltimos 10 a\u00f1os, con mayor\u00edas absolutas cada vez m\u00e1s amplias, hasta el punto de que en las elecciones municipales de 2023 fue uno de los alcaldes m\u00e1s votados, con el 73,4 % de los sufragios y 11 de los 13 concejales del pleno.<\/p>  <p>\u00abTiene su tristeza y su corazoncito despedirte de todos tus compa\u00f1eros, de tant\u00edsimas personas que han trabajado conmigo tantos a\u00f1os\u00bb, ha dicho, pero ha agregado que ayer asumi\u00f3 un reto y una responsabilidad y tiene que \u00abintentar hacer las cosas bien\u00bb. <\/p>  <p>Ha considerado que en el pueblo hay \u00abuna mezcla de sensaciones\u00bb, ya que por un lado, la gente \u00abse siente orgullosa de que un finestrat\u00ed est\u00e9 al frente de la Generalitat\u00bb, pero al mismo tiempo \u00abel alcalde se va\u00bb y despu\u00e9s de tantos a\u00f1os se hab\u00eda establecido \u00abuna confianza y una relaci\u00f3n personal\u00bb con las personas \u00abmuy afectiva\u00bb.<\/p>  <p>P\u00e9rez Llorca ha dicho que no asistir\u00e1 al pleno municipal que se celebra a las 13 horas de este viernes, pues cree que no le corresponde hacerlo, ya que ha venido a presentar su renuncia, a despedirse y a desear \u00ablo mejor al pueblo de Finestrat, que ha sido siempre un pueblo ejemplar\u00bb.<\/p>  <p>Ha dado la bienvenida a la persona que le sustituir\u00e1, que est\u00e1 previsto que sea la popular Nati Algado, primera teniente de alcalde y actualmente alcaldesa en funciones, aunque ha indicado que es \u00abuna decisi\u00f3n que debe tomar la Corporaci\u00f3n, que es soberana de votar y hay que respetar los tiempos y las formas siempre\u00bb.<\/p>  <p>Preguntado por si se hubiera planteado aspirar a la Generalitat en caso que Maz\u00f3n no hubiera dimitido, ha se\u00f1alado que \u00abhacer previsiones en pol\u00edtica es muy dif\u00edcil y complicado\u00bb, y ha afirmado que \u00e9l siempre tiene los pies en el suelo y se dedica a lo que le encargan o a lo que eligen sus vecinos.<\/p>  <p>A su salida del Ayuntamiento, P\u00e9rez Llorca ha dicho que ha encontrado un ambiente \u00abmuy entra\u00f1able\u00bb pues el equipo que integra el Consistorio es \u00abformidable\u00bb y maravilloso\u00bb y \u00abtrabaja duro todos los d\u00edas\u00bb.<\/p>  <p>Ha destacado que a\u00fan le quedan algunos tr\u00e1mites que hacer, por lo que volver\u00e1 para \u00abaclarar algunas cositas que faltan\u00bb y tambi\u00e9n para despedirse de m\u00e1s trabajadores y compa\u00f1eros, y se ha mostrado convencido de que el Ayuntamiento va a seguir creciendo y mejorando la calidad de vida de los vecinos y los servicios. <\/p>  <p><i>Sigue toda la \u00faltima hora en el canal de Whatsapp de Radio Valencia:<\/i><a href=\"https:\/\/eur01.safelinks.protection.outlook.com\/?url=https%3A%2F%2Fwhatsapp.com%2Fchannel%2F0029VaHjyqSFHWq2Q3iHB33R&amp;data=05%7C02%7CADuran%40prisaradio.com%7C02ea95022c714975f8a308dc815e6812%7Cc4fd49f3e15a44d882e2c909735d2e45%7C0%7C0%7C638527489700967202%7CUnknown%7CTWFpbGZsb3d8eyJWIjoiMC4wLjAwMDAiLCJQIjoiV2luMzIiLCJBTiI6Ik1haWwiLCJXVCI6Mn0%3D%7C0%7C%7C%7C&amp;sdata=bDP1arXEhYFoHtvYLOEppFDnR6On2zoB2LqKP8VJn%2Fo%3D&amp;reserved=0\" target=\"_blank\" rel=\"nofollow\" title=\"Direcci\u00f3n URL original: https:\/\/whatsapp.com\/channel\/0029VaHjyqSFHWq2Q3iHB33R. Haga clic o pulse si conf\u00eda en este v\u00ednculo.\"><i>haz clic aqu\u00ed y suscr\u00edbete<\/i><\/a><i> para recibir toda la informaci\u00f3n y la actualidad del d\u00eda en tu m\u00f3vil.<\/i><\/p> ","protected":false},"excerpt":{"rendered":"<p>Ha hecho estas declaraciones en Finestrat, ayuntamiento del que era alcalde hasta hoy<\/p>\n","protected":false},"author":0,"featured_media":20359,"comment_status":"","ping_status":"open","sticky":false,"template":"","format":"standard","meta":{"_acf_changed":false,"footnotes":""},"categories":[1],"tags":[],"class_list":["post-20358","post","type-post","status-publish","format-standard","has-post-thumbnail","hentry","category-sin-categoria"],"acf":{"ser_id":"4GOATW6M7VFIJMXAUINPXWODZM","ser_url":"https:\/\/cadenaser.com\/comunitat-valenciana\/2025\/11\/28\/perez-llorca-ya-esta-pensando-en-nombres-para-el-nuevo-consell-pero-pide-respetar-tiempos-radio-valencia\/"},"_links":{"self":[{"href":"https:\/\/serbenidorm.daliisolutions.com\/index.php\/wp-json\/wp\/v2\/posts\/20358","targetHints":{"allow":["GET"]}}],"collection":[{"href":"https:\/\/serbenidorm.daliisolutions.com\/index.php\/wp-json\/wp\/v2\/posts"}],"about":[{"href":"https:\/\/serbenidorm.daliisolutions.com\/index.php\/wp-json\/wp\/v2\/types\/post"}],"replies":[{"embeddable":true,"href":"https:\/\/serbenidorm.daliisolutions.com\/index.php\/wp-json\/wp\/v2\/comments?post=20358"}],"version-history":[{"count":0,"href":"https:\/\/serbenidorm.daliisolutions.com\/index.php\/wp-json\/wp\/v2\/posts\/20358\/revisions"}],"wp:featuredmedia":[{"embeddable":true,"href":"https:\/\/serbenidorm.daliisolutions.com\/index.php\/wp-json\/wp\/v2\/media\/20359"}],"wp:attachment":[{"href":"https:\/\/serbenidorm.daliisolutions.com\/index.php\/wp-json\/wp\/v2\/media?parent=20358"}],"wp:term":[{"taxonomy":"category","embeddable":true,"href":"https:\/\/serbenidorm.daliisolutions.com\/index.php\/wp-json\/wp\/v2\/categories?post=20358"},{"taxonomy":"post_tag","embeddable":true,"href":"https:\/\/serbenidorm.daliisolutions.com\/index.php\/wp-json\/wp\/v2\/tags?post=20358"}],"curies":[{"name":"wp","href":"https:\/\/api.w.org\/{rel}","templated":true}]}}