{"id":20388,"date":"2025-11-30T17:42:30","date_gmt":"2025-11-30T16:42:30","guid":{"rendered":"https:\/\/serbenidorm.daliisolutions.com\/index.php\/2025\/11\/30\/jornada-en-blanco-para-el-voley-comarcal\/"},"modified":"2025-11-30T17:42:30","modified_gmt":"2025-11-30T16:42:30","slug":"jornada-en-blanco-para-el-voley-comarcal","status":"publish","type":"post","link":"https:\/\/serbenidorm.daliisolutions.com\/index.php\/2025\/11\/30\/jornada-en-blanco-para-el-voley-comarcal\/","title":{"rendered":"Jornada en blanco para el v\u00f3ley comarcal"},"content":{"rendered":" <p>El guion de la actual Superliga Masculina sigue manteniendo para el Servigroup Benidorm el papel de antih\u00e9roe y tambi\u00e9n en Almer\u00eda, ante un hist\u00f3rico en horas bajas, los de Adriano Lamb no pudieron hacer valer su buen juego y terminaron perdiendo el partido por 3-1 (25-17, 26-28, 25-18 y 25-17).<\/p>  <p>Tras haber recuperado a la mayor\u00eda de los hombres que hab\u00edan venido arrastrando lesiones y molestias a lo largo de lo que llevamos de campeonato, el Unicaja Almer\u00eda no dio opci\u00f3n alguna a un Servigroup Benidorm que se llev\u00f3, no sin much\u00edsimo sufrimiento, el segundo set y que, por lo dem\u00e1s, march\u00f3 constantemente a remolque de los locales.<\/p>  <p>Tras este nuevo tropiezo, los de Adriano Lamb siguen en la pen\u00faltima plaza, pero ahora con la salvaci\u00f3n ya a cuatro puntos de distancia.<\/p>  <p>Tampoco hubo mejor suerte en la Superliga 2 Femenina, en la que el Servigroup Benidorm cay\u00f3 por 3-0 (25-21, 25-17 y 25-19) en casa del Gu\u00eda mientras que el Camporrosso Finestrat tampoco pudo pasar del 3-0 (25-22, 25-14 y 25-23).<\/p>  <p>Tras esta novena jornada de competici\u00f3n, las benidormenses son quintas con 15 puntos y las finestratenses, s\u00e9ptimas con doce puntos.<\/p> ","protected":false},"excerpt":{"rendered":"<p>Ninguno de los tres grandes equipos de la Marina Baixa pudo puntuar en sus desplazamientos<\/p>\n","protected":false},"author":0,"featured_media":20389,"comment_status":"","ping_status":"open","sticky":false,"template":"","format":"standard","meta":{"_acf_changed":false,"footnotes":""},"categories":[16],"tags":[],"class_list":["post-20388","post","type-post","status-publish","format-standard","has-post-thumbnail","hentry","category-deportes"],"acf":{"ser_id":"4D5N2JASIBAYNE54OWBDL7FQ3Q","ser_url":"https:\/\/cadenaser.com\/comunitat-valenciana\/2025\/11\/30\/jornada-en-blanco-para-el-voley-comarcal-radio-benidorm\/"},"_links":{"self":[{"href":"https:\/\/serbenidorm.daliisolutions.com\/index.php\/wp-json\/wp\/v2\/posts\/20388","targetHints":{"allow":["GET"]}}],"collection":[{"href":"https:\/\/serbenidorm.daliisolutions.com\/index.php\/wp-json\/wp\/v2\/posts"}],"about":[{"href":"https:\/\/serbenidorm.daliisolutions.com\/index.php\/wp-json\/wp\/v2\/types\/post"}],"replies":[{"embeddable":true,"href":"https:\/\/serbenidorm.daliisolutions.com\/index.php\/wp-json\/wp\/v2\/comments?post=20388"}],"version-history":[{"count":0,"href":"https:\/\/serbenidorm.daliisolutions.com\/index.php\/wp-json\/wp\/v2\/posts\/20388\/revisions"}],"wp:featuredmedia":[{"embeddable":true,"href":"https:\/\/serbenidorm.daliisolutions.com\/index.php\/wp-json\/wp\/v2\/media\/20389"}],"wp:attachment":[{"href":"https:\/\/serbenidorm.daliisolutions.com\/index.php\/wp-json\/wp\/v2\/media?parent=20388"}],"wp:term":[{"taxonomy":"category","embeddable":true,"href":"https:\/\/serbenidorm.daliisolutions.com\/index.php\/wp-json\/wp\/v2\/categories?post=20388"},{"taxonomy":"post_tag","embeddable":true,"href":"https:\/\/serbenidorm.daliisolutions.com\/index.php\/wp-json\/wp\/v2\/tags?post=20388"}],"curies":[{"name":"wp","href":"https:\/\/api.w.org\/{rel}","templated":true}]}}