{"id":20419,"date":"2025-12-01T14:38:56","date_gmt":"2025-12-01T13:38:56","guid":{"rendered":"https:\/\/serbenidorm.daliisolutions.com\/index.php\/2025\/12\/01\/estos-son-los-cinco-premios-de-las-empresarias-y-emprendedoras-de-la-marina-baixa\/"},"modified":"2025-12-01T14:38:56","modified_gmt":"2025-12-01T13:38:56","slug":"estos-son-los-cinco-premios-de-las-empresarias-y-emprendedoras-de-la-marina-baixa","status":"publish","type":"post","link":"https:\/\/serbenidorm.daliisolutions.com\/index.php\/2025\/12\/01\/estos-son-los-cinco-premios-de-las-empresarias-y-emprendedoras-de-la-marina-baixa\/","title":{"rendered":"Estos son los cinco premios de las empresarias y emprendedoras de la Marina Baixa"},"content":{"rendered":" <p>26 candidaturas y finalmente cinco premios MEMBA 2025 que reconocen el liderazgo femenino. 26 mujeres emprendedoras y empresarias de toda la provincia de Alicante. Todas presentaron sus proyectos en alguna de las cinco categor\u00edas oficiales. <\/p>  <p>Categor\u00eda Excelencia Empresarial <a href=\"https:\/\/cadenaser.com\/tag\/benidorm\/a\/\" target=\"_blank\" rel=\"nofollow\" title=\"https:\/\/cadenaser.com\/tag\/benidorm\/a\/\">Luc\u00eda Bort<\/a>, de la empresa INTK Business Security; Categor\u00eda Creatividad e Innovaci\u00f3n <a href=\"https:\/\/cadenaser.com\/tag\/benidorm\/a\/\" target=\"_blank\" rel=\"nofollow\" title=\"https:\/\/cadenaser.com\/tag\/benidorm\/a\/\">Feli Rodr\u00edguez<\/a>, de las empresas Jungla Rent y Chispas; Categor\u00eda Trayectoria Empresarial de l\u2019Alf\u00e0s del Pi <a href=\"https:\/\/cadenaser.com\/tag\/benidorm\/a\/\" target=\"_blank\" rel=\"nofollow\" title=\"https:\/\/cadenaser.com\/tag\/benidorm\/a\/\">Estephanie Craig<\/a> de la empresa The HUB Business Centre; Categor\u00eda Responsabilidad Social <a href=\"https:\/\/cadenaser.com\/tag\/benidorm\/a\/\" target=\"_blank\" rel=\"nofollow\" title=\"https:\/\/cadenaser.com\/tag\/benidorm\/a\/\">Hanne Jovison<\/a>, de la empresa La Casa de la Lana; y Categor\u00eda Joven Emprendedora Ver\u00f3nica <a href=\"https:\/\/cadenaser.com\/tag\/benidorm\/a\/\" target=\"_blank\" rel=\"nofollow\" title=\"https:\/\/cadenaser.com\/tag\/benidorm\/a\/\">Jamet Garrido<\/a>, de la empresa Cucu Comunicaci\u00f3n.<\/p>  <p>M\u00e1s de 300 personas asist\u00edan el s\u00e1bado pasado a la gala de entrega de Premios MEMBA 2025, que comenzaba con una actuaci\u00f3n del alumnado de la escuela de danza Rosa Mart\u00ednez de Benidorm, un n\u00famero de baile contempor\u00e1neo que derroch\u00f3 energ\u00eda y elegancia. <\/p>  <p>A continuaci\u00f3n \u00c1ngela P\u00e9rez Devesa dio paso a las actrices M\u00f3nica Germ\u00e1n y Ana Maestre, de la compa\u00f1\u00eda Arteatro La Vila que interpretaron a Violeta y Olga en una pieza inspirada en la obra \u201cLa teor\u00eda del todo todo\u201d. Para conocer en profundidad a las candidatas y sus proyectos.<\/p>  <p>La gala incluy\u00f3 un coloquio con cinco mujeres referentes en sus \u00e1mbitos profesionales. Todas fueron homenajeadas por su contribuci\u00f3n a la igualdad y al liderazgo femenino.<\/p> ","protected":false},"excerpt":{"rendered":"<p>26 candidatas y cinco reconocidas en la gala MEMBA 2025 celebrada en l&#8217;Alf\u00e0s del Pi<\/p>\n","protected":false},"author":0,"featured_media":20420,"comment_status":"","ping_status":"open","sticky":false,"template":"","format":"standard","meta":{"_acf_changed":false,"footnotes":""},"categories":[1],"tags":[],"class_list":["post-20419","post","type-post","status-publish","format-standard","has-post-thumbnail","hentry","category-sin-categoria"],"acf":{"ser_id":"NTVHWUHUYJFFFPMOVENLHBFFAI","ser_url":"https:\/\/cadenaser.com\/comunitat-valenciana\/2025\/12\/01\/estos-son-los-cinco-premios-de-las-empresarias-y-emprendedoras-de-la-marina-baixa-radio-benidorm\/"},"_links":{"self":[{"href":"https:\/\/serbenidorm.daliisolutions.com\/index.php\/wp-json\/wp\/v2\/posts\/20419","targetHints":{"allow":["GET"]}}],"collection":[{"href":"https:\/\/serbenidorm.daliisolutions.com\/index.php\/wp-json\/wp\/v2\/posts"}],"about":[{"href":"https:\/\/serbenidorm.daliisolutions.com\/index.php\/wp-json\/wp\/v2\/types\/post"}],"replies":[{"embeddable":true,"href":"https:\/\/serbenidorm.daliisolutions.com\/index.php\/wp-json\/wp\/v2\/comments?post=20419"}],"version-history":[{"count":0,"href":"https:\/\/serbenidorm.daliisolutions.com\/index.php\/wp-json\/wp\/v2\/posts\/20419\/revisions"}],"wp:featuredmedia":[{"embeddable":true,"href":"https:\/\/serbenidorm.daliisolutions.com\/index.php\/wp-json\/wp\/v2\/media\/20420"}],"wp:attachment":[{"href":"https:\/\/serbenidorm.daliisolutions.com\/index.php\/wp-json\/wp\/v2\/media?parent=20419"}],"wp:term":[{"taxonomy":"category","embeddable":true,"href":"https:\/\/serbenidorm.daliisolutions.com\/index.php\/wp-json\/wp\/v2\/categories?post=20419"},{"taxonomy":"post_tag","embeddable":true,"href":"https:\/\/serbenidorm.daliisolutions.com\/index.php\/wp-json\/wp\/v2\/tags?post=20419"}],"curies":[{"name":"wp","href":"https:\/\/api.w.org\/{rel}","templated":true}]}}