{"id":20424,"date":"2025-12-01T17:51:33","date_gmt":"2025-12-01T16:51:33","guid":{"rendered":"https:\/\/serbenidorm.daliisolutions.com\/index.php\/2025\/12\/01\/felipe-orts-correra-dos-pruebas-en-la-comunitat-valenciana-antes-del-periodo-navideno\/"},"modified":"2025-12-01T17:51:33","modified_gmt":"2025-12-01T16:51:33","slug":"felipe-orts-correra-dos-pruebas-en-la-comunitat-valenciana-antes-del-periodo-navideno","status":"publish","type":"post","link":"https:\/\/serbenidorm.daliisolutions.com\/index.php\/2025\/12\/01\/felipe-orts-correra-dos-pruebas-en-la-comunitat-valenciana-antes-del-periodo-navideno\/","title":{"rendered":"Felipe Orts correr\u00e1 dos pruebas en la Comunitat Valenciana antes del periodo navide\u00f1o"},"content":{"rendered":" <p>El actual campe\u00f3n de Espa\u00f1a de ciclocross, Felipe Orts, ha anunciado este lunes y de manera oficial que antes de poner de nuevo rumbo a Centroeuropa para afrontar el importante periodo navide\u00f1o de la especialidad invernal, se dejar\u00e1 ver en las dos \u00faltimas citas de la Copa de Espa\u00f1a sumando as\u00ed dos fechas m\u00e1s de competici\u00f3n en territorio nacional.<\/p>  <p>Tras haber renunciado a su presencia en la segunda puntuable de la Copa del Mundo del pasado fin de semana en Flamanville (Francia) y hacer lo propio con la pr\u00f3xima parada del trofeo en Terralba (Italia), Orts ha anunciado la modificaci\u00f3n de su programa para, tal y como \u00e9l ha explicado, \u201cpoder sumar alguna carrera m\u00e1s ante la afici\u00f3n espa\u00f1ola\u201d algo que, afirma, siempre ha sido \u201cmuy importante para m\u00ed\u201d.<\/p>  <p>Adem\u00e1s, el reparto del calendario de la Copa de Espa\u00f1a ha querido que esas dos citas que se suman al Campeonato de Espa\u00f1a (previsto para el 11 de enero en Taranc\u00f3n) y la Copa del Mundo de Benidorm (18 de enero) sean muy cerca de su casa de La Vila Joiosa. As\u00ed, Orts tomar\u00e1 la salida el s\u00e1bado 6 de diciembre en X\u00e0tiva y un d\u00eda despu\u00e9s, el domingo, en Cocentaina.<\/p>  <p>Orts, que el pasado d\u00eda 21 de octubre sum\u00f3 en Woerden (Pa\u00edses Bajos) su 50\u00aa victoria como profesional, tratar\u00e1 ahora de aumentar ese impresionante palmar\u00e9s volviendo el s\u00e1bado a X\u00e0tiva, una prueba en la que, antes de ausentarse por primera vez el pasado a\u00f1o, hab\u00eda acumulado cinco victorias consecutivas entre 2019 y 2023.<\/p>  <p>Un d\u00eda despu\u00e9s, Orts tampoco se perder\u00e1 la octava y \u00faltima puntuable de la Copa de Espa\u00f1a con el Trofeo Ciclocross Internacional Rafa Valls &#8211; Fira de Tots Sants despu\u00e9s de que la cita de Cocentaina haya entrado por primera vez en el m\u00e1ximo torneo nacional y se haya convertido as\u00ed en la primera parada de siempre de la Copa de Espa\u00f1a en la provincia de Alicante.<\/p> ","protected":false},"excerpt":{"rendered":"<p>El ciclista vilero suma X\u00e0tiva y Cocentaina al Campeonato de Espa\u00f1a y a la Copa del Mundo de Benidorm<\/p>\n","protected":false},"author":0,"featured_media":20425,"comment_status":"","ping_status":"open","sticky":false,"template":"","format":"standard","meta":{"_acf_changed":false,"footnotes":""},"categories":[16],"tags":[],"class_list":["post-20424","post","type-post","status-publish","format-standard","has-post-thumbnail","hentry","category-deportes"],"acf":{"ser_id":"ZFUFFXIEUJD67G2OL6CKIXA7J4","ser_url":"https:\/\/cadenaser.com\/comunitat-valenciana\/2025\/12\/01\/felipe-orts-correra-dos-pruebas-en-la-comunitat-valenciana-antes-del-periodo-navideno-radio-benidorm\/"},"_links":{"self":[{"href":"https:\/\/serbenidorm.daliisolutions.com\/index.php\/wp-json\/wp\/v2\/posts\/20424","targetHints":{"allow":["GET"]}}],"collection":[{"href":"https:\/\/serbenidorm.daliisolutions.com\/index.php\/wp-json\/wp\/v2\/posts"}],"about":[{"href":"https:\/\/serbenidorm.daliisolutions.com\/index.php\/wp-json\/wp\/v2\/types\/post"}],"replies":[{"embeddable":true,"href":"https:\/\/serbenidorm.daliisolutions.com\/index.php\/wp-json\/wp\/v2\/comments?post=20424"}],"version-history":[{"count":0,"href":"https:\/\/serbenidorm.daliisolutions.com\/index.php\/wp-json\/wp\/v2\/posts\/20424\/revisions"}],"wp:featuredmedia":[{"embeddable":true,"href":"https:\/\/serbenidorm.daliisolutions.com\/index.php\/wp-json\/wp\/v2\/media\/20425"}],"wp:attachment":[{"href":"https:\/\/serbenidorm.daliisolutions.com\/index.php\/wp-json\/wp\/v2\/media?parent=20424"}],"wp:term":[{"taxonomy":"category","embeddable":true,"href":"https:\/\/serbenidorm.daliisolutions.com\/index.php\/wp-json\/wp\/v2\/categories?post=20424"},{"taxonomy":"post_tag","embeddable":true,"href":"https:\/\/serbenidorm.daliisolutions.com\/index.php\/wp-json\/wp\/v2\/tags?post=20424"}],"curies":[{"name":"wp","href":"https:\/\/api.w.org\/{rel}","templated":true}]}}