{"id":20426,"date":"2025-12-01T17:51:33","date_gmt":"2025-12-01T16:51:33","guid":{"rendered":"https:\/\/serbenidorm.daliisolutions.com\/index.php\/2025\/12\/01\/el-huesitos-la-vila-se-erige-en-la-gran-revelacion-del-ano-y-suena-a-lo-grande\/"},"modified":"2025-12-01T17:51:33","modified_gmt":"2025-12-01T16:51:33","slug":"el-huesitos-la-vila-se-erige-en-la-gran-revelacion-del-ano-y-suena-a-lo-grande","status":"publish","type":"post","link":"https:\/\/serbenidorm.daliisolutions.com\/index.php\/2025\/12\/01\/el-huesitos-la-vila-se-erige-en-la-gran-revelacion-del-ano-y-suena-a-lo-grande\/","title":{"rendered":"El Huesitos-La Vila se erige en la gran revelaci\u00f3n del a\u00f1o y sue\u00f1a a lo grande"},"content":{"rendered":" <p>Todav\u00eda en plena resaca emocional tras el emocionante y duro partido vivido el domingo en El Pantano, el Huesitos-La Vila piensa ya en el partido que dentro de dos semanas (domingo, 14 de diciembre) disputar\u00e1n ante en Ciencias en Sevilla y en el que el XV chocolatero podr\u00eda dejar matem\u00e1ticamente sellado su pase a las semifinales de la Copa del Rey.<\/p>  <p>Antes de eso, el equipo de Hern\u00e1n \u2018Falu\u2019 Quirelli disfrutar\u00e1 de una muy necesaria semana de descanso (como sucede en liga, su grupo de Copa del Rey es impar) en la que, como reconoce en SER Deportivos Marina Baixa el segundo entrenador, \u2018Nano\u2019 Bortondello, la prioridad ser\u00e1 recuperar a los hombres m\u00e1s golpeados y dolidos f\u00edsicamente antes de ese decisivo viaje a Sevilla.<\/p>  <p>En el \u00e1nimo del equipo, y aunque eso le pueda restar algo de emoci\u00f3n a su regreso al Pantano, no hay otro objetivo que repetir la buena imagen dada en casa ante los sevillanos en la \u00faltima jornada de liga disputada hasta la fecha y en la que los vileros se impusieron por 40-21 ante uno de los \u2018grandes\u2019 del campeonato.<\/p>  <p>En todo caso, Bortondello y los suyos son consciente de que la historia, en La Cartuja, ser\u00e1 muy distinta habida cuenta de lo dif\u00edcil que lo ponen los sevillanos en su cancha y ante su afici\u00f3n.<\/p>  <p>Con todo, y pase lo que pase en Sevilla, la intenci\u00f3n del Huesitos-La Vila es que la \u00faltima jornada de la primera fase de la Copa del Rey (y \u00faltimo partido de 2025) del pr\u00f3ximo d\u00eda 21 de diciembre ante el Sant Cugat, sea una aut\u00e9ntica fiesta en la que, adem\u00e1s de celebrar un hist\u00f3rico 2025 en la que el equipo se ha asentado de nuevo como una de las potencias del rugby nacional, se pueda brindar el pase a semifinales de Copa a su afici\u00f3n. <\/p> ","protected":false},"excerpt":{"rendered":"<p>Los de Hern\u00e1n \u2018Falu\u2019 Quirelli disfrutar\u00e1n de su semana de descanso antes de tratar de amarrar el pase a semifinales de la Copa del Rey<\/p>\n","protected":false},"author":0,"featured_media":20427,"comment_status":"","ping_status":"open","sticky":false,"template":"","format":"standard","meta":{"_acf_changed":false,"footnotes":""},"categories":[16],"tags":[],"class_list":["post-20426","post","type-post","status-publish","format-standard","has-post-thumbnail","hentry","category-deportes"],"acf":{"ser_id":"63YHKTC4ZFEX5MSNHU3SXO3GVU","ser_url":"https:\/\/cadenaser.com\/comunitat-valenciana\/2025\/12\/01\/el-huesitos-la-vila-se-erige-en-la-gran-revelacion-del-ano-y-suena-a-lo-grande-radio-benidorm\/"},"_links":{"self":[{"href":"https:\/\/serbenidorm.daliisolutions.com\/index.php\/wp-json\/wp\/v2\/posts\/20426","targetHints":{"allow":["GET"]}}],"collection":[{"href":"https:\/\/serbenidorm.daliisolutions.com\/index.php\/wp-json\/wp\/v2\/posts"}],"about":[{"href":"https:\/\/serbenidorm.daliisolutions.com\/index.php\/wp-json\/wp\/v2\/types\/post"}],"replies":[{"embeddable":true,"href":"https:\/\/serbenidorm.daliisolutions.com\/index.php\/wp-json\/wp\/v2\/comments?post=20426"}],"version-history":[{"count":0,"href":"https:\/\/serbenidorm.daliisolutions.com\/index.php\/wp-json\/wp\/v2\/posts\/20426\/revisions"}],"wp:featuredmedia":[{"embeddable":true,"href":"https:\/\/serbenidorm.daliisolutions.com\/index.php\/wp-json\/wp\/v2\/media\/20427"}],"wp:attachment":[{"href":"https:\/\/serbenidorm.daliisolutions.com\/index.php\/wp-json\/wp\/v2\/media?parent=20426"}],"wp:term":[{"taxonomy":"category","embeddable":true,"href":"https:\/\/serbenidorm.daliisolutions.com\/index.php\/wp-json\/wp\/v2\/categories?post=20426"},{"taxonomy":"post_tag","embeddable":true,"href":"https:\/\/serbenidorm.daliisolutions.com\/index.php\/wp-json\/wp\/v2\/tags?post=20426"}],"curies":[{"name":"wp","href":"https:\/\/api.w.org\/{rel}","templated":true}]}}