{"id":20448,"date":"2025-12-02T09:08:48","date_gmt":"2025-12-02T08:08:48","guid":{"rendered":"https:\/\/serbenidorm.daliisolutions.com\/index.php\/2025\/12\/02\/adriano-lamb-artifice-del-ascenso-es-destituido-del-banquillo-del-servigroup-benidorm-de-voleibol\/"},"modified":"2025-12-02T09:08:48","modified_gmt":"2025-12-02T08:08:48","slug":"adriano-lamb-artifice-del-ascenso-es-destituido-del-banquillo-del-servigroup-benidorm-de-voleibol","status":"publish","type":"post","link":"https:\/\/serbenidorm.daliisolutions.com\/index.php\/2025\/12\/02\/adriano-lamb-artifice-del-ascenso-es-destituido-del-banquillo-del-servigroup-benidorm-de-voleibol\/","title":{"rendered":"Adriano Lamb, art\u00edfice del ascenso, es destituido del banquillo del Servigroup Benidorm de voleibol"},"content":{"rendered":" <p>El Club Voleibol Playas de Benidorm ha decidido destituir a Adriano Lamb como entrenador del primer equipo masculino despu\u00e9s de una reuni\u00f3n de la Junta Directiva en la que se analiz\u00f3 el rendimiento del conjunto durante las seis primeras jornadas de la Superliga Masculina. <\/p>  <p>En un comunicado emitido a primera hora de la ma\u00f1ana de este martes, el club, que esta temporada debuta en la m\u00e1xima categor\u00eda del voleibol espa\u00f1ol, explica que \u201cconsidera necesario un cambio inmediato para impulsar una reacci\u00f3n que permita competir con garant\u00edas en una liga tan exigente y evitar que la din\u00e1mica actual comprometa el objetivo de la permanencia\u201d.<\/p>  <p>La entidad benidormense quiso agradecer p\u00fablicamente el trabajo realizado por Adriano Lamb, t\u00e9cnico que la pasada campa\u00f1a firm\u00f3 el hist\u00f3rico ascenso del equipo a Superliga y que, durante su etapa en Benidorm, ha mostrado una implicaci\u00f3n total en el proyecto. <\/p>  <p>Desde el club se subraya que la decisi\u00f3n no ha sido sencilla, pero que responde exclusivamente al inter\u00e9s deportivo de asegurar la continuidad en la \u00e9lite en un curso especialmente complejo para los reci\u00e9n ascendidos.<\/p>  <p>El presidente del club, Mario Rodr\u00edguez, explic\u00f3 que la destituci\u00f3n se tom\u00f3 tras una reflexi\u00f3n profunda en el seno de la directiva, y afirm\u00f3 que se trata de una medida \u201cdif\u00edcil pero necesaria\u201d. <\/p>  <p>Asegur\u00f3 que la entidad mantiene la total confianza en la plantilla, convencida de que el grupo tiene potencial para revertir la situaci\u00f3n, y se\u00f1al\u00f3 que este era \u201cel momento adecuado\u201d para propiciar un cambio en la direcci\u00f3n t\u00e9cnica que permita afrontar con m\u00e1s garant\u00edas la s\u00e9ptima jornada de liga, un partido crucial que se disputar\u00e1 este mi\u00e9rcoles ante San Roque.<\/p>  <p>Mientras se completa el proceso para incorporar a un nuevo entrenador, la direcci\u00f3n del equipo recaer\u00e1 de manera interina en Iv\u00e1n Navarro, actual segundo t\u00e9cnico y profundo conocedor del vestuario. <\/p>  <p>Navarro asumir\u00e1 el mando del Servigroup Benidorm en el duelo ante San Roque, un encuentro de enorme relevancia que se jugar\u00e1 este mi\u00e9rcoles 3 de diciembre en el Polideportivo Municipal El Bat\u00e1n, a las 19:00 horas (hora insular).<\/p>  <p>El Servigroup Benidorm llega a esta cita en un momento determinante. Tras un calendario inicial complicado frente a rivales consolidados en la categor\u00eda, el equipo ha mostrado buenas fases de juego y competitividad, pero los resultados no han acompa\u00f1ado y el conjunto suma \u00fanicamente dos puntos, una cifra insuficiente para abandonar los puestos de descenso. <\/p>  <p>Con la liga todav\u00eda en su primer tercio, la situaci\u00f3n no es irreversible, pero la necesidad de reaccionar se ha convertido en una prioridad absoluta dentro del vestuario.<\/p>  <p>El choque frente al conjunto canario se presenta como un duelo directo por la permanencia y podr\u00eda marcar el rumbo del equipo en las pr\u00f3ximas semanas. Una victoria permitir\u00eda a los benidormenses cambiar el \u00e1nimo, reforzar la confianza interna y afrontar el tramo central de la competici\u00f3n con otra perspectiva, poniendo el foco en la salvaci\u00f3n sin la presi\u00f3n de quedarse descolgados en la tabla.<\/p>  <p>Iv\u00e1n Navarro ha tenido apenas unas sesiones de trabajo con la plantilla para preparar el encuentro, consciente de que su papel ser\u00e1 clave para transmitir calma, orden y motivaci\u00f3n en un momento tan delicado. El t\u00e9cnico interino sabe que este partido representa una oportunidad de oro para romper la din\u00e1mica negativa y demostrar que el equipo est\u00e1 capacitado para competir con \u00e9xito en la m\u00e1xima categor\u00eda. <\/p> ","protected":false},"excerpt":{"rendered":"<p>Iv\u00e1n Navarro, hasta ahora segundo entrenador, asume la direcci\u00f3n del equipo de manera interina<\/p>\n","protected":false},"author":0,"featured_media":20449,"comment_status":"","ping_status":"open","sticky":false,"template":"","format":"standard","meta":{"_acf_changed":false,"footnotes":""},"categories":[16],"tags":[],"class_list":["post-20448","post","type-post","status-publish","format-standard","has-post-thumbnail","hentry","category-deportes"],"acf":{"ser_id":"HATDUWOMVNESVMZQOTUSLQDORU","ser_url":"https:\/\/cadenaser.com\/comunitat-valenciana\/2025\/12\/02\/adriano-lamb-artifice-del-ascenso-es-destituido-del-banquillo-del-servigroup-benidorm-de-voleibol-radio-benidorm\/"},"_links":{"self":[{"href":"https:\/\/serbenidorm.daliisolutions.com\/index.php\/wp-json\/wp\/v2\/posts\/20448","targetHints":{"allow":["GET"]}}],"collection":[{"href":"https:\/\/serbenidorm.daliisolutions.com\/index.php\/wp-json\/wp\/v2\/posts"}],"about":[{"href":"https:\/\/serbenidorm.daliisolutions.com\/index.php\/wp-json\/wp\/v2\/types\/post"}],"replies":[{"embeddable":true,"href":"https:\/\/serbenidorm.daliisolutions.com\/index.php\/wp-json\/wp\/v2\/comments?post=20448"}],"version-history":[{"count":0,"href":"https:\/\/serbenidorm.daliisolutions.com\/index.php\/wp-json\/wp\/v2\/posts\/20448\/revisions"}],"wp:featuredmedia":[{"embeddable":true,"href":"https:\/\/serbenidorm.daliisolutions.com\/index.php\/wp-json\/wp\/v2\/media\/20449"}],"wp:attachment":[{"href":"https:\/\/serbenidorm.daliisolutions.com\/index.php\/wp-json\/wp\/v2\/media?parent=20448"}],"wp:term":[{"taxonomy":"category","embeddable":true,"href":"https:\/\/serbenidorm.daliisolutions.com\/index.php\/wp-json\/wp\/v2\/categories?post=20448"},{"taxonomy":"post_tag","embeddable":true,"href":"https:\/\/serbenidorm.daliisolutions.com\/index.php\/wp-json\/wp\/v2\/tags?post=20448"}],"curies":[{"name":"wp","href":"https:\/\/api.w.org\/{rel}","templated":true}]}}