{"id":20455,"date":"2025-12-02T15:10:49","date_gmt":"2025-12-02T14:10:49","guid":{"rendered":"https:\/\/serbenidorm.daliisolutions.com\/index.php\/2025\/12\/02\/lalfas-del-pi-renovara-la-calle-federico-garcia-lorca-y-mejorara-la-accesibilidad-a-la-plaza-mayor-en-2026\/"},"modified":"2025-12-02T15:10:49","modified_gmt":"2025-12-02T14:10:49","slug":"lalfas-del-pi-renovara-la-calle-federico-garcia-lorca-y-mejorara-la-accesibilidad-a-la-plaza-mayor-en-2026","status":"publish","type":"post","link":"https:\/\/serbenidorm.daliisolutions.com\/index.php\/2025\/12\/02\/lalfas-del-pi-renovara-la-calle-federico-garcia-lorca-y-mejorara-la-accesibilidad-a-la-plaza-mayor-en-2026\/","title":{"rendered":"L\u2019Alf\u00e0s del Pi renovar\u00e1 la calle Federico Garc\u00eda Lorca y mejorar\u00e1 la accesibilidad a la Plaza Mayor en 2026"},"content":{"rendered":" <p>L\u2019Alf\u00e0s del Pi ha celebrado su tradicional encuentro navide\u00f1o con los medios de comunicaci\u00f3n, en el que el alcalde Vicente Arques ha hecho balance del a\u00f1o 2025 y ha avanzado los principales proyectos que marcar\u00e1n la agenda municipal en 2026. <\/p>  <p> Arques ha anunciado dos grandes proyectos urbanos para el pr\u00f3ximo a\u00f1o. El primero ser\u00e1 la renovaci\u00f3n integral de la calle Federico Garc\u00eda Lorca, arteria principal del casco urbano, con una inversi\u00f3n municipal de 850.000 euros. La actuaci\u00f3n mejorar\u00e1 la accesibilidad a la plaza y a la iglesia, especialmente para las personas mayores, y est\u00e1 previsto que las obras comiencen de inmediato y finalicen antes de Semana Santa.<\/p>  <p>En <a href=\"https:\/\/radiobenidorm.es\" target=\"_blank\" rel=\"nofollow\" title=\"https:\/\/radiobenidorm.es\">Hoy por Hoy Benidorm <\/a>Arques ha calificado el ejercicio que termina como \u201cmagn\u00edfico\u201d, subrayando la estabilidad del municipio y la culminaci\u00f3n de las grandes infraestructuras financiadas con fondos europeos del Plan de Sostenibilidad Tur\u00edstica en Destino.<\/p>  <p>Entre las actuaciones finalizadas este a\u00f1o, destac\u00f3 la transformaci\u00f3n integral del Cam\u00ed Vell d\u2019Altea, una obra de un mill\u00f3n de euros que ha convertido la antigua carretera tur\u00edstica entre Benidorm y l\u2019Albir en un bulevar accesible, con aceras anchas, carril bici, iluminaci\u00f3n y arbolado. La intervenci\u00f3n, ya en uso y cuya inauguraci\u00f3n oficial ser\u00e1 inminente, permite por primera vez conectar ambos municipios a pie o en bicicleta, mejorando notablemente la movilidad y la seguridad.<\/p>  <p>Otra actuaci\u00f3n relevante de 2025 ha sido la renovaci\u00f3n completa del Paseo de las Estrellas de l\u2019Albir, considerado el principal escaparate tur\u00edstico del municipio. La obra ha eliminado el tr\u00e1fico en primera l\u00ednea y ha creado una plataforma \u00fanica m\u00e1s accesible y moderna, con nuevo mobiliario urbano, zonas verdes, iluminaci\u00f3n y mejora de los aseos y servicios de playa. Con una inversi\u00f3n cercana al mill\u00f3n de euros, el alcalde ha destacadola \u201csatisfacci\u00f3n total\u201d de hosteleros y vecinos tras los ocho meses de trabajos.<\/p>  <p>Tambi\u00e9n se ha completado la fase p\u00fablica de la canalizaci\u00f3n del Barranco Hondo, una intervenci\u00f3n de 1,2 millones de euros destinada a reducir el riesgo de inundaciones mediante la conexi\u00f3n con el Bulevar de los M\u00fasicos y la red privada del sector Finca Roca. Este proyecto permite encauzar el agua desde el casco urbano hasta el Albir, aportando mayor tranquilidad ante episodios de lluvias intensas.<\/p>  <p>Arques ha incluidoen el balance el \u00e9xito del programa \u201cVive Alfaz Saludable\u201d, que ha articulado durante 2025 decenas de actividades de prevenci\u00f3n, bienestar y envejecimiento activo en colaboraci\u00f3n con asociaciones y colectivos locales. El alcalde ha subrayadoque este enfoque \u201crefuerza la idea de que en L\u2019Alf\u00e0s se vive bien\u201d, una identidad ligada a la calidad de vida, la cultura, el deporte y la salud.<\/p>  <p>De cara a 2026, el Ayuntamiento girar\u00e1 su acci\u00f3n municipal hacia \u201cL\u2019Alf\u00e0s Cultural\u201d, lema bajo el que se celebrar\u00e1n seis efem\u00e9rides de espacios emblem\u00e1ticos: los 100 a\u00f1os de las Escuelas Bellas, los 35 de la Casa de Cultura y los aniversarios de la V\u00eda Romana, el Faro de l\u2019Albir, el Centro Social y la Cantera. La programaci\u00f3n completa se presentar\u00e1 el 17 de enero en un acto con invitados de relevancia local y nacional.<\/p> ","protected":false},"excerpt":{"rendered":"<p>Vicente Arques destaca en su balance de 2025 las obras del Cam\u00ed Vell d&#8217;Altea, el renovado Paseo de las Estrellas o la canalizaci\u00f3n del Barranco Hondo<\/p>\n","protected":false},"author":0,"featured_media":20456,"comment_status":"","ping_status":"open","sticky":false,"template":"","format":"standard","meta":{"_acf_changed":false,"footnotes":""},"categories":[1],"tags":[],"class_list":["post-20455","post","type-post","status-publish","format-standard","has-post-thumbnail","hentry","category-sin-categoria"],"acf":{"ser_id":"55UR5H2D5BHYZK2WMKORXWUMQI","ser_url":"https:\/\/cadenaser.com\/comunitat-valenciana\/2025\/12\/02\/lalfas-del-pi-renovara-la-calle-federico-garcia-lorca-y-mejorara-la-accesibilidad-a-la-plaza-mayor-en-2026-radio-benidorm\/"},"_links":{"self":[{"href":"https:\/\/serbenidorm.daliisolutions.com\/index.php\/wp-json\/wp\/v2\/posts\/20455","targetHints":{"allow":["GET"]}}],"collection":[{"href":"https:\/\/serbenidorm.daliisolutions.com\/index.php\/wp-json\/wp\/v2\/posts"}],"about":[{"href":"https:\/\/serbenidorm.daliisolutions.com\/index.php\/wp-json\/wp\/v2\/types\/post"}],"replies":[{"embeddable":true,"href":"https:\/\/serbenidorm.daliisolutions.com\/index.php\/wp-json\/wp\/v2\/comments?post=20455"}],"version-history":[{"count":0,"href":"https:\/\/serbenidorm.daliisolutions.com\/index.php\/wp-json\/wp\/v2\/posts\/20455\/revisions"}],"wp:featuredmedia":[{"embeddable":true,"href":"https:\/\/serbenidorm.daliisolutions.com\/index.php\/wp-json\/wp\/v2\/media\/20456"}],"wp:attachment":[{"href":"https:\/\/serbenidorm.daliisolutions.com\/index.php\/wp-json\/wp\/v2\/media?parent=20455"}],"wp:term":[{"taxonomy":"category","embeddable":true,"href":"https:\/\/serbenidorm.daliisolutions.com\/index.php\/wp-json\/wp\/v2\/categories?post=20455"},{"taxonomy":"post_tag","embeddable":true,"href":"https:\/\/serbenidorm.daliisolutions.com\/index.php\/wp-json\/wp\/v2\/tags?post=20455"}],"curies":[{"name":"wp","href":"https:\/\/api.w.org\/{rel}","templated":true}]}}