{"id":20457,"date":"2025-12-02T15:10:49","date_gmt":"2025-12-02T14:10:49","guid":{"rendered":"https:\/\/serbenidorm.daliisolutions.com\/index.php\/2025\/12\/02\/benidorm-es-la-tercera-ciudad-de-espana-que-mas-crece-y-supera-por-primera-vez-el-umbral-de-los-75-000-habitantes\/"},"modified":"2025-12-02T15:10:49","modified_gmt":"2025-12-02T14:10:49","slug":"benidorm-es-la-tercera-ciudad-de-espana-que-mas-crece-y-supera-por-primera-vez-el-umbral-de-los-75-000-habitantes","status":"publish","type":"post","link":"https:\/\/serbenidorm.daliisolutions.com\/index.php\/2025\/12\/02\/benidorm-es-la-tercera-ciudad-de-espana-que-mas-crece-y-supera-por-primera-vez-el-umbral-de-los-75-000-habitantes\/","title":{"rendered":"Benidorm es la tercera ciudad de Espa\u00f1a que m\u00e1s crece y supera por primera vez el umbral de los 75.000 habitantes"},"content":{"rendered":" <p>Benidorm es la tercera localidad de Espa\u00f1a donde m\u00e1s aument\u00f3 la poblaci\u00f3n durante 2024, hasta un 3,5% seg\u00fan el Censo Anual de Poblaci\u00f3n publicado este martes por el Instituto Nacional de Estad\u00edstica (INE). Solo le superan otras dos ciudades y ambas est\u00e1n en la Comunitat Valenciana: Torrevieja (4,9%) y Gandia (3,6%).<\/p>  <p>Seg\u00fan el INE a fecha 1 de enero de 2025 el censo de la capital tur\u00edstica de la Costa Blanca recog\u00eda a <a href=\"https:\/\/cadenaser.com\/tag\/benidorm\/a\/\" target=\"_blank\" rel=\"nofollow\" title=\"https:\/\/cadenaser.com\/tag\/benidorm\/a\/\">77.211 habitantes, 2.638 m\u00e1s que un a\u00f1o antes y 8.337 m\u00e1s si miramos cuatro a\u00f1os atr\u00e1s<\/a> y siempre sin contar con la poblaci\u00f3n flotante, la que vive y no se empadrona, pr\u00e1ctica m\u00e1s que habitual en un municipio como Benidorm.<\/p>  <p>Pero lo m\u00e1s importante de esta nueva cifra es que se supera por primera vez en la historia el umbral de los 75.000 habitantes, lo que significa dar el salto a \u2018gran ciudad\u2019 y, con ello, como ha explicado tras anteriores censos el propio alcalde, Toni P\u00e9rez, \u00abtener posibilidad de acceder a m\u00e1s financiaci\u00f3n por parte del Estado\u00bb. <\/p>  <p>El aumento poblacional no se restringe a Benidorm sino que se repite en buena parte de las ciudades costeras de todo el pa\u00eds y se replica tambi\u00e9n en todos los municipios de m\u00e1s de 5.000 habitantes de la comarca.<\/p>  <p>Villajoyosa alcanza los 37.578 habitantes, 616 m\u00e1s en un a\u00f1o; Altea 24.371, 382 m\u00e1s; L&#8217;Alf\u00e0s del Pi 21.046 vecinos, 621 m\u00e1s; La Nuc\u00eda 19.329, 332 m\u00e1s; Finestrat 9.980, 591 m\u00e1s; Callosa d&#8217;En Sarri\u00e0 8.301, 232 m\u00e1s; y Polop de la Marina 5.894, 177 m\u00e1s el 1 de enero de 2025 respecto al de 2024. <\/p>  <p>De las localidades m\u00e1s peque\u00f1as de la comarca solo pierden poblaci\u00f3n Confrides y Beniard\u00e0. Y una curiosidad de la \u00faltima estad\u00edstica del INE para terminar: 51 personas tienen m\u00e1s de 100 a\u00f1os en la Marina Baixa y 43 de ellas son mujeres. <\/p> ","protected":false},"excerpt":{"rendered":"<p>El censo registra 77.211 habitantes a 1 de enero de 2025, un 3,5% m\u00e1s que el a\u00f1o anterior<\/p>\n","protected":false},"author":0,"featured_media":20458,"comment_status":"","ping_status":"open","sticky":false,"template":"","format":"standard","meta":{"_acf_changed":false,"footnotes":""},"categories":[1],"tags":[],"class_list":["post-20457","post","type-post","status-publish","format-standard","has-post-thumbnail","hentry","category-sin-categoria"],"acf":{"ser_id":"K6WFHCL26BF6DMT2IAUVRMZ5LE","ser_url":"https:\/\/cadenaser.com\/comunitat-valenciana\/2025\/12\/02\/benidorm-es-la-tercera-ciudad-de-espana-que-mas-crecio-en-poblacion-en-2024-radio-benidorm\/"},"_links":{"self":[{"href":"https:\/\/serbenidorm.daliisolutions.com\/index.php\/wp-json\/wp\/v2\/posts\/20457","targetHints":{"allow":["GET"]}}],"collection":[{"href":"https:\/\/serbenidorm.daliisolutions.com\/index.php\/wp-json\/wp\/v2\/posts"}],"about":[{"href":"https:\/\/serbenidorm.daliisolutions.com\/index.php\/wp-json\/wp\/v2\/types\/post"}],"replies":[{"embeddable":true,"href":"https:\/\/serbenidorm.daliisolutions.com\/index.php\/wp-json\/wp\/v2\/comments?post=20457"}],"version-history":[{"count":0,"href":"https:\/\/serbenidorm.daliisolutions.com\/index.php\/wp-json\/wp\/v2\/posts\/20457\/revisions"}],"wp:featuredmedia":[{"embeddable":true,"href":"https:\/\/serbenidorm.daliisolutions.com\/index.php\/wp-json\/wp\/v2\/media\/20458"}],"wp:attachment":[{"href":"https:\/\/serbenidorm.daliisolutions.com\/index.php\/wp-json\/wp\/v2\/media?parent=20457"}],"wp:term":[{"taxonomy":"category","embeddable":true,"href":"https:\/\/serbenidorm.daliisolutions.com\/index.php\/wp-json\/wp\/v2\/categories?post=20457"},{"taxonomy":"post_tag","embeddable":true,"href":"https:\/\/serbenidorm.daliisolutions.com\/index.php\/wp-json\/wp\/v2\/tags?post=20457"}],"curies":[{"name":"wp","href":"https:\/\/api.w.org\/{rel}","templated":true}]}}