{"id":20489,"date":"2025-12-03T12:56:35","date_gmt":"2025-12-03T11:56:35","guid":{"rendered":"https:\/\/serbenidorm.daliisolutions.com\/index.php\/2025\/12\/03\/chayanne-pondra-a-bailar-otra-vez-a-benidorm\/"},"modified":"2025-12-03T12:56:35","modified_gmt":"2025-12-03T11:56:35","slug":"chayanne-pondra-a-bailar-otra-vez-a-benidorm","status":"publish","type":"post","link":"https:\/\/serbenidorm.daliisolutions.com\/index.php\/2025\/12\/03\/chayanne-pondra-a-bailar-otra-vez-a-benidorm\/","title":{"rendered":"Chayanne pondr\u00e1 a bailar \u2018otra vez\u2019 a Benidorm"},"content":{"rendered":" <p>El SkyFest de Benidorm sigue anunciando los eventos musicales que llenar\u00e1n de actividad el pr\u00f3ximo verano la ciudad deportiva Guillermo Amor. Tras confirmar el desembarco en la ciudad del LatinFest, este mi\u00e9rcoles se ha conocido que el pr\u00f3ximo d\u00eda 24 de julio ser\u00e1 el turno del puertorrique\u00f1o Chayanne, que har\u00e1 parada en la capital tur\u00edstica dentro de su gira \u2018Bailemos otra vez 2026\u2019.<\/p>  <p>En su anterior visita a Espa\u00f1a, Chayanne agot\u00f3 las entradas en todos sus conciertos, por lo que este nuevo concierto ser\u00e1 uno de los puntos \u00e1lgidos del verano musical de la Costa Blanca. Por ello, la organizaci\u00f3n del SkyFest ya ha puesto a la venta las entradas a trav\u00e9s de las webs www.chayanne.es y www.iboleleproducciones.com.<\/p>  <p>Todo apunta a que el ritmo de venta ser\u00e1 intenso desde la primera hora, teniendo en cuenta la fidelidad de su p\u00fablico y la expectaci\u00f3n generada desde el momento en que se confirm\u00f3 la escala en Benidorm.<\/p>  <p>\u2018Bailemos Otra Vez Tour 2026\u2019 arrancar\u00e1 en Almer\u00eda el 8 de julio y pasar\u00e1 por algunas de las principales ciudades espa\u00f1olas, entre ellas C\u00f3rdoba, Madrid, Tenerife, Barcelona y Murcia, trazando una ruta que situar\u00e1 a Benidorm como uno de los puntos fuertes del calendario. <\/p>  <p>La inclusi\u00f3n de SkyFest en la gira es tambi\u00e9n un espaldarazo para el nuevo recinto, llamado a convertirse en un polo cultural con capacidad para atraer conciertos internacionales de primer nivel y reforzar el posicionamiento de la ciudad como destino musical.<\/p>  <p>Chayanne, uno de los iconos latinos m\u00e1s influyentes de las \u00faltimas d\u00e9cadas, prepara un espect\u00e1culo que combina la nostalgia de sus grandes \u00e9xitos con la fuerza de sus trabajos m\u00e1s recientes. El artista ha dejado claro que esta gira supone para \u00e9l un momento especial, una manera de celebrar su carrera y de brindar a sus seguidores la posibilidad de \u201cbailar una \u00faltima vez\u201d en un concierto que aspira a ser una despedida por todo lo alto de una etapa llena de \u00e9xitos y reconocimiento internacional.<\/p>  <p>Los asistentes podr\u00e1n reencontrarse con canciones que se han convertido en referentes de varias generaciones y que forman parte de la cultura musical popular, junto con los nuevos temas que lo han devuelto a las listas de \u00e9xitos. <\/p>  <p>En Benidorm, la fusi\u00f3n del ambiente veraniego, el magnetismo tur\u00edstico de la ciudad y la atm\u00f3sfera que promete ofrecer SkyFest convertir\u00e1n la cita del 24 de julio en una noche inolvidable, que no solo ser\u00e1 un hito para los fans de Chayanne sino tambi\u00e9n un impulso significativo para la oferta cultural y econ\u00f3mica del municipio.<\/p>  <p>Benidorm afronta as\u00ed otro gran concierto de proyecci\u00f3n internacional, consolidando una tendencia que sit\u00faa a la ciudad en el mapa de los principales tours mundiales y que refuerza su capacidad para atraer acontecimientos de primer nivel. <\/p>  <p>El regreso de Chayanne no solo supone un acontecimiento musical: es una demostraci\u00f3n m\u00e1s de la fuerza de una ciudad que contin\u00faa expandiendo su identidad m\u00e1s all\u00e1 del turismo tradicional para convertirse en un punto neur\u00e1lgico para los grandes espect\u00e1culos.<\/p> ","protected":false},"excerpt":{"rendered":"<p>El cantante puertorrique\u00f1o aterrizar\u00e1 en la ciudad el 24 de julio con su gira \u2018Bailemos otra vez\u2019<\/p>\n","protected":false},"author":0,"featured_media":20490,"comment_status":"","ping_status":"open","sticky":false,"template":"","format":"standard","meta":{"_acf_changed":false,"footnotes":""},"categories":[1],"tags":[],"class_list":["post-20489","post","type-post","status-publish","format-standard","has-post-thumbnail","hentry","category-sin-categoria"],"acf":{"ser_id":"IMEB55VTV5AAXOJ2DATY3GAYTQ","ser_url":"https:\/\/cadenaser.com\/comunitat-valenciana\/2025\/12\/03\/chayanne-pondra-a-bailar-otra-vez-a-benidorm-radio-benidorm\/"},"_links":{"self":[{"href":"https:\/\/serbenidorm.daliisolutions.com\/index.php\/wp-json\/wp\/v2\/posts\/20489","targetHints":{"allow":["GET"]}}],"collection":[{"href":"https:\/\/serbenidorm.daliisolutions.com\/index.php\/wp-json\/wp\/v2\/posts"}],"about":[{"href":"https:\/\/serbenidorm.daliisolutions.com\/index.php\/wp-json\/wp\/v2\/types\/post"}],"replies":[{"embeddable":true,"href":"https:\/\/serbenidorm.daliisolutions.com\/index.php\/wp-json\/wp\/v2\/comments?post=20489"}],"version-history":[{"count":0,"href":"https:\/\/serbenidorm.daliisolutions.com\/index.php\/wp-json\/wp\/v2\/posts\/20489\/revisions"}],"wp:featuredmedia":[{"embeddable":true,"href":"https:\/\/serbenidorm.daliisolutions.com\/index.php\/wp-json\/wp\/v2\/media\/20490"}],"wp:attachment":[{"href":"https:\/\/serbenidorm.daliisolutions.com\/index.php\/wp-json\/wp\/v2\/media?parent=20489"}],"wp:term":[{"taxonomy":"category","embeddable":true,"href":"https:\/\/serbenidorm.daliisolutions.com\/index.php\/wp-json\/wp\/v2\/categories?post=20489"},{"taxonomy":"post_tag","embeddable":true,"href":"https:\/\/serbenidorm.daliisolutions.com\/index.php\/wp-json\/wp\/v2\/tags?post=20489"}],"curies":[{"name":"wp","href":"https:\/\/api.w.org\/{rel}","templated":true}]}}