{"id":20492,"date":"2025-12-03T16:08:31","date_gmt":"2025-12-03T15:08:31","guid":{"rendered":"https:\/\/serbenidorm.daliisolutions.com\/index.php\/2025\/12\/03\/rafael-ferrer-melia-hubo-que-expropiar-dos-barcos-que-llevaban-aceite-de-cacahuete-para-poder-traer-agua-a-benidorm\/"},"modified":"2025-12-03T16:08:31","modified_gmt":"2025-12-03T15:08:31","slug":"rafael-ferrer-melia-hubo-que-expropiar-dos-barcos-que-llevaban-aceite-de-cacahuete-para-poder-traer-agua-a-benidorm","status":"publish","type":"post","link":"https:\/\/serbenidorm.daliisolutions.com\/index.php\/2025\/12\/03\/rafael-ferrer-melia-hubo-que-expropiar-dos-barcos-que-llevaban-aceite-de-cacahuete-para-poder-traer-agua-a-benidorm\/","title":{"rendered":"Rafael Ferrer Meli\u00e0: \u201cHubo que expropiar dos barcos que llevaban aceite de cacahuete para poder traer agua a Benidorm\u201d"},"content":{"rendered":" <p>\u201cHab\u00eda ministros que quer\u00edan cerrar Benidorm por riesgo de epidemia. Me dijeron: \u2018\u00bfTe haces responsable t\u00fa?\u2019 Y yo contest\u00e9: \u2018Yo, usted y todos los que estamos aqu\u00ed\u201d. Todos entendieron que era un problema de todos y no de una persona\u201d. As\u00ed recuerda Rafael Ferrer Meli\u00e1, en <a href=\"https:\/\/radiobenidorm.es\" target=\"_blank\" rel=\"nofollow\" title=\"https:\/\/radiobenidorm.es\">Hoy por Hoy Benidorm<\/a>, uno de los momentos m\u00e1s tensos de la crisis h\u00eddrica que vivi\u00f3 la ciudad a finales de los a\u00f1os 70. Casi medio siglo despu\u00e9s, el Ayuntamiento reconoce este s\u00e1bado 6 de diciembre su papel decisivo entreg\u00e1ndole la Medalla Corporativa en el acto institucional del D\u00eda de la Constituci\u00f3n.<\/p>  <p>Ferrer Meli\u00e1 fue alcalde entre abril de 1978 y abril de 1979, apenas un a\u00f1o en el cargo, pero suficiente para liderar una gesti\u00f3n que \u00e9l mismo insiste en no atribuirse en solitario. \u201cLo que m\u00e1s me alegr\u00f3 fue contar con el apoyo general de todo el mundo\u201d, explica. Partidos, t\u00e9cnicos, funcionarios, asociaciones vecinales y sindicatos trabajaron de manera un\u00e1nime en pleno periodo de transici\u00f3n, una colaboraci\u00f3n que hoy describe como \u201cinaudita\u201d.<\/p>  <p>Ese clima permiti\u00f3, en primer lugar, activar perforaciones en Guadalest y Callosa, aunque sin \u00e9xito. La soluci\u00f3n lleg\u00f3 del ge\u00f3logo Juan Antonio Herb\u00e1s, quien apunt\u00f3 a la existencia de agua subterr\u00e1nea en Beniard\u00e0. Aquella pista desencaden\u00f3 una operaci\u00f3n discreta para adquirir los terrenos donde se ubicar\u00edan los pozos, evitando que la informaci\u00f3n se filtrara y generara especulaci\u00f3n.<\/p>  <p>Ferrer recuerda con detalle la noche en que el Ayuntamiento de Beniard\u00e0, con su alcalde C\u00e9sar Vicedo al frente, convoc\u00f3 un pleno extraordinario casi a medianoche para aprobar la perforaci\u00f3n. \u201cTen\u00eda que ser antes de las doce, y se aprob\u00f3 sin un solo problema\u201d, rememora, subrayando la generosidad de un municipio que pudo oponerse, pero que se volc\u00f3 \u201csin poner ni una sola pega\u201d. <\/p>  <p>Mientras se preparaban los pozos, la ciudad ten\u00eda que seguir bebiendo. Primero llegaron las tanquetas de agua del Ej\u00e9rcito del Aire. Despu\u00e9s, un buque de la Marina. Y finalmente, dos barcos que transportaban aceite de cacahuete entre Espa\u00f1a y Argelia, expropiados temporalmente por el Ministerio de Obras P\u00fablicas para traer agua potable. Hubo que limpiar los tanques, construir dos kil\u00f3metros de tuber\u00edas hasta los dep\u00f3sitos y organizar la carga. \u201cLa gente no se da cuenta de todo lo que se hizo\u201d, afirma.<\/p>  <p>Aquella crisis trajo consigo avances que a\u00fan hoy definen la gesti\u00f3n h\u00eddrica de la Marina Baixa: la elevaci\u00f3n de aguas del Algar, nuevas conducciones submarinas, la depuradora de aguas residuales \u2014que Ferrer solicit\u00f3 personalmente \u201cpara aprovechar hasta la \u00faltima gota\u201d\u2014 y el desbloqueo de la carretera de circunvalaci\u00f3n.<\/p>  <p>Hoy, Ferrer insiste en que nunca quiso protagonismo. \u201cYo era la cabeza visible, pero ten\u00eda gente preparada y con ganas de trabajar, no hace falta ser un gran cerebro para ser alcalde, los cerebros tienen que estar por debajo y saber trabajar con ellos\u201d. Por eso, el s\u00e1bado dedicar\u00e1 la Medalla Corporativa \u201ca todos los t\u00e9cnicos, funcionarios y al pueblo que colabor\u00f3 sin un solo problema\u201d para que Benidorm no se quedara sin agua. Cita nombres como los de Paco Santiago o Jos\u00e9 Ram\u00f3n Garc\u00eda Ant\u00f3n como grandes t\u00e9cnicos de la \u00e9poca. <\/p> ","protected":false},"excerpt":{"rendered":"<p>El \u201calcalde del agua\u201d reivindica el trabajo en equipo y la unanimidad institucional con la que Benidorm logr\u00f3 superar su mayor crisis h\u00eddrica<\/p>\n","protected":false},"author":0,"featured_media":20493,"comment_status":"","ping_status":"open","sticky":false,"template":"","format":"standard","meta":{"_acf_changed":false,"footnotes":""},"categories":[1],"tags":[],"class_list":["post-20492","post","type-post","status-publish","format-standard","has-post-thumbnail","hentry","category-sin-categoria"],"acf":{"ser_id":"OKNBNZ2MJFESXBK5Z7HV3AILD4","ser_url":"https:\/\/cadenaser.com\/comunitat-valenciana\/2025\/12\/03\/rafael-ferrer-melia-hubo-que-expropiar-dos-barcos-que-llevaban-aceite-de-cacahuete-para-poder-traer-agua-a-benidorm-radio-benidorm\/"},"_links":{"self":[{"href":"https:\/\/serbenidorm.daliisolutions.com\/index.php\/wp-json\/wp\/v2\/posts\/20492","targetHints":{"allow":["GET"]}}],"collection":[{"href":"https:\/\/serbenidorm.daliisolutions.com\/index.php\/wp-json\/wp\/v2\/posts"}],"about":[{"href":"https:\/\/serbenidorm.daliisolutions.com\/index.php\/wp-json\/wp\/v2\/types\/post"}],"replies":[{"embeddable":true,"href":"https:\/\/serbenidorm.daliisolutions.com\/index.php\/wp-json\/wp\/v2\/comments?post=20492"}],"version-history":[{"count":0,"href":"https:\/\/serbenidorm.daliisolutions.com\/index.php\/wp-json\/wp\/v2\/posts\/20492\/revisions"}],"wp:featuredmedia":[{"embeddable":true,"href":"https:\/\/serbenidorm.daliisolutions.com\/index.php\/wp-json\/wp\/v2\/media\/20493"}],"wp:attachment":[{"href":"https:\/\/serbenidorm.daliisolutions.com\/index.php\/wp-json\/wp\/v2\/media?parent=20492"}],"wp:term":[{"taxonomy":"category","embeddable":true,"href":"https:\/\/serbenidorm.daliisolutions.com\/index.php\/wp-json\/wp\/v2\/categories?post=20492"},{"taxonomy":"post_tag","embeddable":true,"href":"https:\/\/serbenidorm.daliisolutions.com\/index.php\/wp-json\/wp\/v2\/tags?post=20492"}],"curies":[{"name":"wp","href":"https:\/\/api.w.org\/{rel}","templated":true}]}}