{"id":20494,"date":"2025-12-03T16:08:32","date_gmt":"2025-12-03T15:08:32","guid":{"rendered":"https:\/\/serbenidorm.daliisolutions.com\/index.php\/2025\/12\/03\/la-guardia-civil-auxilia-a-un-joven-de-benidorm-al-intentar-subir-al-pico-mas-alto-de-la-rioja-sin-experiencia-ni-material\/"},"modified":"2025-12-03T16:08:32","modified_gmt":"2025-12-03T15:08:32","slug":"la-guardia-civil-auxilia-a-un-joven-de-benidorm-al-intentar-subir-al-pico-mas-alto-de-la-rioja-sin-experiencia-ni-material","status":"publish","type":"post","link":"https:\/\/serbenidorm.daliisolutions.com\/index.php\/2025\/12\/03\/la-guardia-civil-auxilia-a-un-joven-de-benidorm-al-intentar-subir-al-pico-mas-alto-de-la-rioja-sin-experiencia-ni-material\/","title":{"rendered":"La Guardia Civil auxilia a un joven de Benidorm al intentar subir al pico m\u00e1s alto de La Rioja sin experiencia ni material"},"content":{"rendered":" <p>El Grupo de Rescate e Intervenci\u00f3n en Monta\u00f1a (GREIM) de la Guardia Civil ha auxiliado a <a href=\"https:\/\/cadenaser.com\/tag\/benidorm\/a\/\" target=\"_blank\" rel=\"nofollow\" title=\"https:\/\/cadenaser.com\/tag\/benidorm\/a\/\">un joven de 24 a\u00f1os y vecino de Benidorm<\/a> cuando intentaba alcanzar la cima del pico m\u00e1s alto de La Rioja, el pico de San Lorenzo, en Ezcaray, sin experiencia en monta\u00f1a, sin equipamiento, ni material de escalada adecuados y con calzado deportivo.<\/p>  <p>Varios esquiadores en la estaci\u00f3n de esqu\u00ed de Valdezcaray avistaron al senderista en las inmediaciones del collado de Campos Blancos, en direcci\u00f3n al pico San Lorenzo, con la clara intenci\u00f3n de alcanzar la cima, pese a las adversas condiciones meteorol\u00f3gicas, ha detallado este mi\u00e9rcoles la Guardia Civil en La Rioja en una nota. <\/p>  <p>Los esquiadores recomendaron a este joven descender con ellos, pero rechaz\u00f3 el consejo y persisti\u00f3 en su objetivo.<\/p>  <p>Agentes del GREIM se desplazaron en coche hasta Valdezcaray y continuaron en moto de nieve hasta el collado, desde donde ascendieron con esqu\u00eds de monta\u00f1a hasta localizar a este joven, quien estaba descongelando su calzado para poder seguir caminando.<\/p>  <p>Ante la nieve helada, la ausencia total de material invernal y los riesgos evidentes, los agentes le aconsejaron no continuar y le proporcionaron bebida y abrigo. <\/p>  <p>Tras varios minutos, accedi\u00f3 a descender al ser consciente del riesgo que conllevaba seguir adelante; se le ayud\u00f3 a descongelar el calzado y se procedi\u00f3 a su descenso mediante la t\u00e9cnica de cuerda corta hasta un punto accesible, donde fue evacuado en un helic\u00f3ptero de la Guardia Civil al aparcamiento de la estaci\u00f3n. <\/p>  <p>En Valdezcaray recibi\u00f3 abrigo, calcetines y bebida caliente y, una vez repuesto, fue trasladado en un coche hasta el puesto de la Guardia Civil en Ezcaray para cargar su tel\u00e9fono y secar el calzado, tras lo que continu\u00f3 su viaje sin necesidad de asistencia sanitaria. <\/p>  <p>La Guardia Civil ha a\u00f1adido que la intervenci\u00f3n del GREIM evit\u00f3 un posible accidente grave e, incluso, una muerte por congelaci\u00f3n o despe\u00f1amiento, ya que el joven planeaba alcanzar la cima y descender sin piolets, sin crampones y sin experiencia en monta\u00f1ismo invernal, en unas condiciones que exig\u00edan un equipamiento espec\u00edfico.<\/p>  <p><\/p>  <p><\/p>  <p><\/p> ","protected":false},"excerpt":{"rendered":"<p>Los esquiadores recomendaron al chico de 24 a\u00f1os descender con ellos, pero rechaz\u00f3 el consejo <\/p>\n","protected":false},"author":0,"featured_media":20495,"comment_status":"","ping_status":"open","sticky":false,"template":"","format":"standard","meta":{"_acf_changed":false,"footnotes":""},"categories":[1],"tags":[],"class_list":["post-20494","post","type-post","status-publish","format-standard","has-post-thumbnail","hentry","category-sin-categoria"],"acf":{"ser_id":"TSV5BH3TQZHAFOCZ5YUI4ZOM3Y","ser_url":"https:\/\/cadenaser.com\/comunitat-valenciana\/2025\/12\/03\/la-guardia-civil-auxilia-a-un-joven-de-benidorm-al-intentar-subir-al-pico-mas-alto-de-la-rioja-sin-experiencia-ni-material-radio-benidorm\/"},"_links":{"self":[{"href":"https:\/\/serbenidorm.daliisolutions.com\/index.php\/wp-json\/wp\/v2\/posts\/20494","targetHints":{"allow":["GET"]}}],"collection":[{"href":"https:\/\/serbenidorm.daliisolutions.com\/index.php\/wp-json\/wp\/v2\/posts"}],"about":[{"href":"https:\/\/serbenidorm.daliisolutions.com\/index.php\/wp-json\/wp\/v2\/types\/post"}],"replies":[{"embeddable":true,"href":"https:\/\/serbenidorm.daliisolutions.com\/index.php\/wp-json\/wp\/v2\/comments?post=20494"}],"version-history":[{"count":0,"href":"https:\/\/serbenidorm.daliisolutions.com\/index.php\/wp-json\/wp\/v2\/posts\/20494\/revisions"}],"wp:featuredmedia":[{"embeddable":true,"href":"https:\/\/serbenidorm.daliisolutions.com\/index.php\/wp-json\/wp\/v2\/media\/20495"}],"wp:attachment":[{"href":"https:\/\/serbenidorm.daliisolutions.com\/index.php\/wp-json\/wp\/v2\/media?parent=20494"}],"wp:term":[{"taxonomy":"category","embeddable":true,"href":"https:\/\/serbenidorm.daliisolutions.com\/index.php\/wp-json\/wp\/v2\/categories?post=20494"},{"taxonomy":"post_tag","embeddable":true,"href":"https:\/\/serbenidorm.daliisolutions.com\/index.php\/wp-json\/wp\/v2\/tags?post=20494"}],"curies":[{"name":"wp","href":"https:\/\/api.w.org\/{rel}","templated":true}]}}