{"id":20496,"date":"2025-12-03T16:08:33","date_gmt":"2025-12-03T15:08:33","guid":{"rendered":"https:\/\/serbenidorm.daliisolutions.com\/index.php\/2025\/12\/03\/ramon-gonzalez-cesar-a-adriano-ha-sido-una-decision-muy-dura\/"},"modified":"2025-12-03T16:08:33","modified_gmt":"2025-12-03T15:08:33","slug":"ramon-gonzalez-cesar-a-adriano-ha-sido-una-decision-muy-dura","status":"publish","type":"post","link":"https:\/\/serbenidorm.daliisolutions.com\/index.php\/2025\/12\/03\/ramon-gonzalez-cesar-a-adriano-ha-sido-una-decision-muy-dura\/","title":{"rendered":"Ram\u00f3n Gonz\u00e1lez: \u201cCesar a Adriano ha sido una decisi\u00f3n muy dura\u201d"},"content":{"rendered":" <p>El Servigroup Playas de Benidorm disputar\u00e1 en la tarde de este mi\u00e9rcoles (19:00 horas) un partido fundamental de cara a su futuro inmediato en la Superliga Masculina de voleibol ante el San Roque, un rival directo en la zona baja de la clasificaci\u00f3n.<\/p>  <p>Ese partido ser\u00e1 dirigido desde el banquillo por Iv\u00e1n Navarro, hasta ahora segundo entrenador del conjunto benidormenses, tras el cese, anunciado ayer martes, de Adriano Lamb. Pese al buen juego desplegado en las seis primeras jornadas, el balance de cinco derrotas por una sola victoria han acabado precipitando la salida del entrenador brasile\u00f1o en una decisi\u00f3n que, como ha reconocido en SER Deportivos Marina Baixa el coordinador de la entidad, Ram\u00f3n Gonz\u00e1lez, \u201cha sido muy dif\u00edcil de tomar porque Adriano llevaba muchos a\u00f1os con nosotros y es un hombre de club\u201d.<\/p>  <p>En ese mismo sentido, Gonz\u00e1lez ha explicado que la decisi\u00f3n tomada por la junta directiva \u201cbusca una reacci\u00f3n del equipo, sobre todo, en el plano an\u00edmico\u201d y asegura que la misma ha sido \u201cconsensuada entre el club y el propio Adriano\u201d porque \u201caunque nadie se quiere desvincular de un proyecto, \u00e9l tambi\u00e9n estaba de acuerdo en que hab\u00eda que buscar una reacci\u00f3n\u201d.<\/p>  <p>En todo caso, el coordinador del club no ha querido dejar pasar la ocasi\u00f3n para reconocer \u201cel gran trabajo realizado por Adriano en todos estos a\u00f1os\u201d y que lleg\u00f3 a su punto m\u00e1ximo la pasada temporada cuando \u201cbajo su direcci\u00f3n conseguimos el hist\u00f3rico ascenso a la m\u00e1xima categor\u00eda\u201d.<\/p>  <p>El partido de esta tarde en Canarias ser\u00e1 dirigido por Iv\u00e1n Navarro que, adem\u00e1s, se perfila como el entrenador m\u00e1s probable de cara al choque del pr\u00f3ximo s\u00e1bado (17:00 horas) ante el Tarragona en el Palau d\u2019Esports. Todo ello, explica Gonz\u00e1lez, mientras \u201cmantenemos conversaciones con dos entrenadores y tomaremos la decisi\u00f3n en los pr\u00f3ximos d\u00edas. Veo dif\u00edcil que el nuevo entrenador pueda estar ante Zaragoza, pero queremos que s\u00ed est\u00e9 ya para el siguiente partido\u201d.<\/p> ","protected":false},"excerpt":{"rendered":"<p>El coordinador del Club Voleibol Playas de Benidorm reconoce conversaciones con dos t\u00e9cnicos para hacerse cargo del equipo<\/p>\n","protected":false},"author":0,"featured_media":20497,"comment_status":"","ping_status":"open","sticky":false,"template":"","format":"standard","meta":{"_acf_changed":false,"footnotes":""},"categories":[16],"tags":[],"class_list":["post-20496","post","type-post","status-publish","format-standard","has-post-thumbnail","hentry","category-deportes"],"acf":{"ser_id":"66LNJ5RPURAUBOCPIR6T3PQWTE","ser_url":"https:\/\/cadenaser.com\/comunitat-valenciana\/2025\/12\/03\/ramon-gonzalez-cesar-a-adriano-ha-sido-una-decision-muy-dura-radio-benidorm\/"},"_links":{"self":[{"href":"https:\/\/serbenidorm.daliisolutions.com\/index.php\/wp-json\/wp\/v2\/posts\/20496","targetHints":{"allow":["GET"]}}],"collection":[{"href":"https:\/\/serbenidorm.daliisolutions.com\/index.php\/wp-json\/wp\/v2\/posts"}],"about":[{"href":"https:\/\/serbenidorm.daliisolutions.com\/index.php\/wp-json\/wp\/v2\/types\/post"}],"replies":[{"embeddable":true,"href":"https:\/\/serbenidorm.daliisolutions.com\/index.php\/wp-json\/wp\/v2\/comments?post=20496"}],"version-history":[{"count":0,"href":"https:\/\/serbenidorm.daliisolutions.com\/index.php\/wp-json\/wp\/v2\/posts\/20496\/revisions"}],"wp:featuredmedia":[{"embeddable":true,"href":"https:\/\/serbenidorm.daliisolutions.com\/index.php\/wp-json\/wp\/v2\/media\/20497"}],"wp:attachment":[{"href":"https:\/\/serbenidorm.daliisolutions.com\/index.php\/wp-json\/wp\/v2\/media?parent=20496"}],"wp:term":[{"taxonomy":"category","embeddable":true,"href":"https:\/\/serbenidorm.daliisolutions.com\/index.php\/wp-json\/wp\/v2\/categories?post=20496"},{"taxonomy":"post_tag","embeddable":true,"href":"https:\/\/serbenidorm.daliisolutions.com\/index.php\/wp-json\/wp\/v2\/tags?post=20496"}],"curies":[{"name":"wp","href":"https:\/\/api.w.org\/{rel}","templated":true}]}}