{"id":20515,"date":"2025-12-03T19:22:51","date_gmt":"2025-12-03T18:22:51","guid":{"rendered":"https:\/\/serbenidorm.daliisolutions.com\/index.php\/2025\/12\/03\/felipe-orts-con-mi-presencia-en-xativa-y-cocentaina-quiero-ayudar-a-que-el-ciclocross-crezca\/"},"modified":"2025-12-03T19:22:51","modified_gmt":"2025-12-03T18:22:51","slug":"felipe-orts-con-mi-presencia-en-xativa-y-cocentaina-quiero-ayudar-a-que-el-ciclocross-crezca","status":"publish","type":"post","link":"https:\/\/serbenidorm.daliisolutions.com\/index.php\/2025\/12\/03\/felipe-orts-con-mi-presencia-en-xativa-y-cocentaina-quiero-ayudar-a-que-el-ciclocross-crezca\/","title":{"rendered":"Felipe Orts: \u201cCon mi presencia en X\u00e0tiva y Cocentaina quiero ayudar a que el ciclocross crezca\u201d"},"content":{"rendered":" <p>El mejor \u2018crosser\u2019 espa\u00f1ol de la historia, el vilero Felipe Orts, anunciaba a principios de la presente semana su decisi\u00f3n de modificar el calendario competitivo inicialmente previsto para, de esta manera, poder tomar parte en las dos \u00faltimas pruebas puntuables para la Copa de Espa\u00f1a de la especialidad invernal que tendr\u00e1n lugar en X\u00e0tiva (6 de diciembre) y Cocentaina (7 de diciembre).<\/p>  <p>Tras un buen arranque de temporada y antes de iniciar el siempre exigente e important\u00edsimo periodo navide\u00f1o en Centroeuropa, Orts ha pasado por los micr\u00f3fonos de Radio Benidorm-SER para analizar lo conseguido hasta ahora, perfilar sus objetivos m\u00e1s inmediatos y, sobre todo, explicar los motivos que le han llevado a querer tomar la salida en X\u00e0tiva y Cocentaina.<\/p>  <p>El de La Vila Joiosa ha reconocido que desde que arranc\u00f3 esta campa\u00f1a ten\u00eda previsto renunciar a las pruebas de la Copa del Mundo de Flamanville (Francia) y Terralba (Italia) con el objetivo de poder descansar y llegar con la \u2018chispa\u2019 necesaria no s\u00f3lo al periodo navide\u00f1o sino tambi\u00e9n a la parte final del invierno, donde se acumular\u00e1n el Campeonato de Espa\u00f1a de Taranc\u00f3n, la Copa del Mundo de Benidorm y el Campeonato del Mundo de Hulst (Pa\u00edses Bajos).<\/p>  <p>Aunque su idea inicial era no competir ninguno de esos dos fines de semana, Orts finalmente ha cambiado de idea porque, como explica en SER Deportivos Marina Baixa, \u201cme siento muy involucrado con los organizadores de carreras de ciclocross. S\u00e9 que es una tarea muy dif\u00edcil porque, de hecho, este a\u00f1o y por desgracia no hemos podido hacer mi propia carrera. Los organizadores se dejan muchas energ\u00edas para poder sacar las carreras y si mi presencia en ellas ayuda a que puedan seguir haciendo esa labor, yo estoy encantado de colaborar\u201d.<\/p>  <p>En cuanto a la primera de las dos pruebas que disputar\u00e1 este fin de semana en la Comunitat Valenciana, en X\u00e0tiva, el ciclista del Ridley Racing Team es consciente de que, tras cuatro triunfos en otras tantas participaciones, de \u00e9l s\u00f3lo se espera la victoria. \u201cMentir\u00eda si digo lo contrario\u201d, explica. \u201cAll\u00ed gan\u00e9 uno de mis campeonatos de Espa\u00f1a. Es un circuito que siempre se me ha dado muy bien. Saldr\u00e9 con el objetivo de ganar, pero esto ya sabemos c\u00f3mo es: todos salimos a lo mismo y siempre es dif\u00edcil\u201d.<\/p>  <p>Donde no ha corrido nunca es en el circuito de Cocentaina, aunque eso no le resta ambici\u00f3n ya que all\u00ed tambi\u00e9n pelear\u00e1 por el triunfo. \u201cNo he estado nunca en Cocentaina, pero viendo la ilusi\u00f3n con la que est\u00e1n preparando la carrera y las ganas que tienen, me han entrado muchas ganas de correrla\u201d, explica.<\/p>  <p>En definitiva, Felipe Orts no ha dudado en renunciar al descanso, sobre todo, porque \u201cme hace ilusi\u00f3n correr en casa. Son dos carreras que me gustan y en las que el p\u00fablico disfruta y yo me lo paso bien\u201d.<\/p> ","protected":false},"excerpt":{"rendered":"<p>El corredor de La Vila Joiosa disputar\u00e1 las dos \u00faltimas puntuables de la Copa de Espa\u00f1a <\/p>\n","protected":false},"author":0,"featured_media":20516,"comment_status":"","ping_status":"open","sticky":false,"template":"","format":"standard","meta":{"_acf_changed":false,"footnotes":""},"categories":[16],"tags":[],"class_list":["post-20515","post","type-post","status-publish","format-standard","has-post-thumbnail","hentry","category-deportes"],"acf":{"ser_id":"DB5KG7YOLRF2HLD47B7ZQKMGQM","ser_url":"https:\/\/cadenaser.com\/comunitat-valenciana\/2025\/12\/03\/felipe-orts-con-mi-presencia-en-xativa-y-cocentaina-quiero-ayudar-a-que-el-ciclocross-crezca-radio-benidorm\/"},"_links":{"self":[{"href":"https:\/\/serbenidorm.daliisolutions.com\/index.php\/wp-json\/wp\/v2\/posts\/20515","targetHints":{"allow":["GET"]}}],"collection":[{"href":"https:\/\/serbenidorm.daliisolutions.com\/index.php\/wp-json\/wp\/v2\/posts"}],"about":[{"href":"https:\/\/serbenidorm.daliisolutions.com\/index.php\/wp-json\/wp\/v2\/types\/post"}],"replies":[{"embeddable":true,"href":"https:\/\/serbenidorm.daliisolutions.com\/index.php\/wp-json\/wp\/v2\/comments?post=20515"}],"version-history":[{"count":0,"href":"https:\/\/serbenidorm.daliisolutions.com\/index.php\/wp-json\/wp\/v2\/posts\/20515\/revisions"}],"wp:featuredmedia":[{"embeddable":true,"href":"https:\/\/serbenidorm.daliisolutions.com\/index.php\/wp-json\/wp\/v2\/media\/20516"}],"wp:attachment":[{"href":"https:\/\/serbenidorm.daliisolutions.com\/index.php\/wp-json\/wp\/v2\/media?parent=20515"}],"wp:term":[{"taxonomy":"category","embeddable":true,"href":"https:\/\/serbenidorm.daliisolutions.com\/index.php\/wp-json\/wp\/v2\/categories?post=20515"},{"taxonomy":"post_tag","embeddable":true,"href":"https:\/\/serbenidorm.daliisolutions.com\/index.php\/wp-json\/wp\/v2\/tags?post=20515"}],"curies":[{"name":"wp","href":"https:\/\/api.w.org\/{rel}","templated":true}]}}