{"id":20524,"date":"2025-12-04T15:56:40","date_gmt":"2025-12-04T14:56:40","guid":{"rendered":"https:\/\/serbenidorm.daliisolutions.com\/index.php\/2025\/12\/04\/el-comercio-de-benidorm-atribuye-uno-de-sus-peores-anos-al-calor-y-la-zona-de-bajas-emisiones\/"},"modified":"2025-12-04T15:56:40","modified_gmt":"2025-12-04T14:56:40","slug":"el-comercio-de-benidorm-atribuye-uno-de-sus-peores-anos-al-calor-y-la-zona-de-bajas-emisiones","status":"publish","type":"post","link":"https:\/\/serbenidorm.daliisolutions.com\/index.php\/2025\/12\/04\/el-comercio-de-benidorm-atribuye-uno-de-sus-peores-anos-al-calor-y-la-zona-de-bajas-emisiones\/","title":{"rendered":"El comercio de Benidorm atribuye uno de sus peores a\u00f1os al calor y la Zona de Bajas Emisiones"},"content":{"rendered":" <p>Benidorm vive uno de sus mejores momentos tur\u00edsticos, con niveles de ocupaci\u00f3n hotelera que parecen no tener techo. Sin embargo, el comercio local ha atravesado uno de sus peores a\u00f1os, con ca\u00eddas de ventas hist\u00f3ricas que alcanzan hasta el 50% durante el verano. Los empresarios locales se\u00f1alan como principales causas el cambio clim\u00e1tico y la nueva Zona de Bajas Emisiones (ZBE).<\/p>  <p>Ra\u00fal Parra, presidente de la Asociaci\u00f3n Independiente de Comerciantes de Benidorm (AICO), ha explicado en declaraciones a <a href=\"https:\/\/cadenaser.com\/tag\/benidorm\/a\/\" target=\"_blank\" rel=\"nofollow\" title=\"https:\/\/cadenaser.com\/tag\/benidorm\/a\/\">Radio Benidorm<\/a> que \u201ccuanto m\u00e1s calor hace, menos se compra. Y por otro lado, la implantaci\u00f3n de la zona de bajas emisiones ha restado much\u00edsimo, ha dado miedo a la gente de otras poblaciones a bajar a la ciudad\u201d. Para contrarrestar este temor, los comercios han lanzado campa\u00f1as informativas sobre aparcamientos y zonas permitidas.<\/p>  <p>Seg\u00fan Parra, \u201cno est\u00e1 llegando ninguna multa y los comercios podemos registrar las compras\u201d. Aun as\u00ed, el mal verano ha dejado su huella en las cuentas de los negocios, que buscan maneras de recuperar la confianza de los clientes y aumentar las ventas.<\/p>  <p>A pesar del contexto adverso, hay motivos para la esperanza. El incremento de turistas extranjeros con mayor poder adquisitivo y la desaparici\u00f3n de la temporada baja est\u00e1n ayudando a sostener al sector durante el resto del a\u00f1o. Los locales vac\u00edos empiezan a ocuparse y se anuncian nuevas aperturas, lo que indica seg\u00fan Parra signos de recuperaci\u00f3n de cara al futuro.<\/p>  <p>\u201cSe est\u00e1n entregando muchas viviendas con alto poder adquisitivo en toda la comarca y eso va a generar m\u00e1s movimiento econ\u00f3mico\u201d, comenta el presidente de AICO. Los comerciantes conf\u00edan en que el pr\u00f3ximo verano llegue con m\u00e1s sombra en las calles, m\u00e1s aparcamientos y menos temor a la zona de bajas emisiones, condiciones que consideran necesarias para que el auge tur\u00edstico tambi\u00e9n se traduzca en ventas.<\/p> ","protected":false},"excerpt":{"rendered":"<p>AICO conf\u00eda en la recuperaci\u00f3n de cara a 2026 gracias a la llegada de turistas con mayor poder adquisitivo y la desestacionalizaci\u00f3n<\/p>\n","protected":false},"author":0,"featured_media":20525,"comment_status":"","ping_status":"open","sticky":false,"template":"","format":"standard","meta":{"_acf_changed":false,"footnotes":""},"categories":[1],"tags":[],"class_list":["post-20524","post","type-post","status-publish","format-standard","has-post-thumbnail","hentry","category-sin-categoria"],"acf":{"ser_id":"JLXBWJZWYZBUXMHJI3UXWSRQMA","ser_url":"https:\/\/cadenaser.com\/comunitat-valenciana\/2025\/12\/04\/el-comercio-de-benidorm-atribuye-uno-de-sus-peores-anos-al-calor-y-la-zona-de-bajas-emisiones-radio-benidorm\/"},"_links":{"self":[{"href":"https:\/\/serbenidorm.daliisolutions.com\/index.php\/wp-json\/wp\/v2\/posts\/20524","targetHints":{"allow":["GET"]}}],"collection":[{"href":"https:\/\/serbenidorm.daliisolutions.com\/index.php\/wp-json\/wp\/v2\/posts"}],"about":[{"href":"https:\/\/serbenidorm.daliisolutions.com\/index.php\/wp-json\/wp\/v2\/types\/post"}],"replies":[{"embeddable":true,"href":"https:\/\/serbenidorm.daliisolutions.com\/index.php\/wp-json\/wp\/v2\/comments?post=20524"}],"version-history":[{"count":0,"href":"https:\/\/serbenidorm.daliisolutions.com\/index.php\/wp-json\/wp\/v2\/posts\/20524\/revisions"}],"wp:featuredmedia":[{"embeddable":true,"href":"https:\/\/serbenidorm.daliisolutions.com\/index.php\/wp-json\/wp\/v2\/media\/20525"}],"wp:attachment":[{"href":"https:\/\/serbenidorm.daliisolutions.com\/index.php\/wp-json\/wp\/v2\/media?parent=20524"}],"wp:term":[{"taxonomy":"category","embeddable":true,"href":"https:\/\/serbenidorm.daliisolutions.com\/index.php\/wp-json\/wp\/v2\/categories?post=20524"},{"taxonomy":"post_tag","embeddable":true,"href":"https:\/\/serbenidorm.daliisolutions.com\/index.php\/wp-json\/wp\/v2\/tags?post=20524"}],"curies":[{"name":"wp","href":"https:\/\/api.w.org\/{rel}","templated":true}]}}