{"id":20526,"date":"2025-12-04T15:56:41","date_gmt":"2025-12-04T14:56:41","guid":{"rendered":"https:\/\/serbenidorm.daliisolutions.com\/index.php\/2025\/12\/04\/benidorm-prepara-una-san-silvestre-mas-festiva-inclusiva-y-multitudinaria\/"},"modified":"2025-12-04T15:56:41","modified_gmt":"2025-12-04T14:56:41","slug":"benidorm-prepara-una-san-silvestre-mas-festiva-inclusiva-y-multitudinaria","status":"publish","type":"post","link":"https:\/\/serbenidorm.daliisolutions.com\/index.php\/2025\/12\/04\/benidorm-prepara-una-san-silvestre-mas-festiva-inclusiva-y-multitudinaria\/","title":{"rendered":"Benidorm prepara una San Silvestre m\u00e1s festiva, inclusiva y multitudinaria"},"content":{"rendered":" <p>Las calles de Benidorm volver\u00e1n a llenarse de color, deporte y esp\u00edritu navide\u00f1o con la celebraci\u00f3n de una nueva edici\u00f3n de la tradicional carrera San Silvestre. La cita, que ya forma parte del calendario popular de la ciudad, tendr\u00e1 lugar el pr\u00f3ximo domingo 21 de diciembre a las 10 de la ma\u00f1ana y alcanzar\u00e1 su decimoquinta edici\u00f3n, tal y como ha recordado el concejal de Deportes, Javier Jord\u00e1. El edil ha animado a vecinos y visitantes a \u201cparticipar en una de las carreras m\u00e1s divertidas y coloridas del a\u00f1o\u201d, un evento que cada diciembre re\u00fane a corredores, familias y aficionados de todos los niveles.<\/p>  <p>La prueba contar\u00e1 con un recorrido total de seis kil\u00f3metros que discurrir\u00e1 junto al paseo de la playa de Levante, en un circuito accesible y llamativo tanto para corredores experimentados como para quienes prefieren vivir la experiencia a un ritmo m\u00e1s relajado. La salida y la llegada estar\u00e1n situadas en la avenida de Europa, punto neur\u00e1lgico de la prueba y lugar desde el que se concentrar\u00e1 el ambiente festivo de la ma\u00f1ana.<\/p>  <p>Las inscripciones permiten participar en cuatro modalidades diferentes: carrera, marcha n\u00f3rdica, caminata y carreras infantiles, lo que facilita que personas de cualquier edad y condici\u00f3n f\u00edsica puedan sumarse a la cita. Los precios oscilan entre los 12 euros para adultos y los 4 euros para ni\u00f1os y ni\u00f1as de hasta 15 a\u00f1os.<\/p>  <p>La actividad comenzar\u00e1 oficialmente a las 10 de la ma\u00f1ana, aunque los dorsales podr\u00e1n recogerse desde las 8.30 del mismo d\u00eda y hasta media hora antes de la salida. La organizaci\u00f3n ha previsto que, quince minutos antes del inicio de la prueba, se celebre el tradicional concurso de disfraces, tanto en categor\u00eda individual como por grupos, y con versiones tanto infantil como adulta. Este elemento se ha convertido en uno de los grandes atractivos de la San Silvestre de Benidorm, que cada a\u00f1o re\u00fane a participantes caracterizados de personajes navide\u00f1os, superh\u00e9roes, animales o divertidas creaciones colectivas.<\/p>  <p>Una vez completada la carrera principal, ser\u00e1 el turno de las pruebas infantiles, que comenzar\u00e1n a las 11 horas y dar\u00e1n protagonismo a los m\u00e1s peque\u00f1os en un ambiente seguro, festivo y muy animado. A partir de las 11.30 llegar\u00e1 el momento de la entrega de trofeos y de los tradicionales sorteos entre los corredores, un cierre que suele reunir a todos los participantes en un ambiente distendido y familiar.<\/p> ","protected":false},"excerpt":{"rendered":"<p>La ciudad celebrar\u00e1 el 21 de diciembre su 15\u00aa edici\u00f3n, con un circuito junto al paseo de Levante y modalidades para todas las edades y niveles<\/p>\n","protected":false},"author":0,"featured_media":20527,"comment_status":"","ping_status":"open","sticky":false,"template":"","format":"standard","meta":{"_acf_changed":false,"footnotes":""},"categories":[16],"tags":[],"class_list":["post-20526","post","type-post","status-publish","format-standard","has-post-thumbnail","hentry","category-deportes"],"acf":{"ser_id":"XIOLNMJ4IRHTXHCJCDVVYA2434","ser_url":"https:\/\/cadenaser.com\/comunitat-valenciana\/2025\/12\/04\/benidorm-prepara-una-san-silvestre-mas-festiva-inclusiva-y-multitudinaria-radio-benidorm\/"},"_links":{"self":[{"href":"https:\/\/serbenidorm.daliisolutions.com\/index.php\/wp-json\/wp\/v2\/posts\/20526","targetHints":{"allow":["GET"]}}],"collection":[{"href":"https:\/\/serbenidorm.daliisolutions.com\/index.php\/wp-json\/wp\/v2\/posts"}],"about":[{"href":"https:\/\/serbenidorm.daliisolutions.com\/index.php\/wp-json\/wp\/v2\/types\/post"}],"replies":[{"embeddable":true,"href":"https:\/\/serbenidorm.daliisolutions.com\/index.php\/wp-json\/wp\/v2\/comments?post=20526"}],"version-history":[{"count":0,"href":"https:\/\/serbenidorm.daliisolutions.com\/index.php\/wp-json\/wp\/v2\/posts\/20526\/revisions"}],"wp:featuredmedia":[{"embeddable":true,"href":"https:\/\/serbenidorm.daliisolutions.com\/index.php\/wp-json\/wp\/v2\/media\/20527"}],"wp:attachment":[{"href":"https:\/\/serbenidorm.daliisolutions.com\/index.php\/wp-json\/wp\/v2\/media?parent=20526"}],"wp:term":[{"taxonomy":"category","embeddable":true,"href":"https:\/\/serbenidorm.daliisolutions.com\/index.php\/wp-json\/wp\/v2\/categories?post=20526"},{"taxonomy":"post_tag","embeddable":true,"href":"https:\/\/serbenidorm.daliisolutions.com\/index.php\/wp-json\/wp\/v2\/tags?post=20526"}],"curies":[{"name":"wp","href":"https:\/\/api.w.org\/{rel}","templated":true}]}}