{"id":20546,"date":"2025-12-04T20:32:26","date_gmt":"2025-12-04T19:32:26","guid":{"rendered":"https:\/\/serbenidorm.daliisolutions.com\/index.php\/2025\/12\/04\/la-familia-galera-reune-a-seis-generaciones-en-benidorm-en-un-emotivo-encuentro\/"},"modified":"2025-12-04T20:32:26","modified_gmt":"2025-12-04T19:32:26","slug":"la-familia-galera-reune-a-seis-generaciones-en-benidorm-en-un-emotivo-encuentro","status":"publish","type":"post","link":"https:\/\/serbenidorm.daliisolutions.com\/index.php\/2025\/12\/04\/la-familia-galera-reune-a-seis-generaciones-en-benidorm-en-un-emotivo-encuentro\/","title":{"rendered":"La familia Galera re\u00fane a seis generaciones en Benidorm en un emotivo encuentro"},"content":{"rendered":" <p>M\u00e1s de un centenar de familiares de la saga Galera Navarro se han dado cita en el Hotel Bali para celebrar su segundo gran encuentro familiar, un evento marcado por la convivencia, la m\u00fasica y la emoci\u00f3n de reencontrarse tras d\u00e9cadas de historia compartida.<\/p>  <p>Historia que ha compartido en <a href=\"https:\/\/cadenaser.com\/tag\/benidorm\/a\/\" target=\"_blank\" rel=\"nofollow\" title=\"https:\/\/cadenaser.com\/tag\/benidorm\/a\/\">La Ventana de la Marina<\/a><a href=\"https:\/\/cadenaser.com\/tag\/benidorm\/a\/\" target=\"_blank\" rel=\"nofollow\" title=\"https:\/\/cadenaser.com\/tag\/benidorm\/a\/\"> Baixa<\/a> Richard Romero o Richard <i>Newlook<\/i>, quien explic\u00f3 que la familia tiene su origen en C\u00fallar (Granada) y que actualmente se encuentra repartida entre ciudades como Barcelona, Alcoy, Sevilla, San Vicente del Raspeig y Benidorm.<\/p>  <p>Durante tres d\u00edas, los asistentes compartieron comidas, bailes y actividades intergeneracionales, llegando a reunirse hasta seis generaciones vivas, incluida una tataranieta. El ambiente fue tan cordial que, seg\u00fan ha bromeado Richard, solo hubo una peque\u00f1a discusi\u00f3n\u2026 por un partido de f\u00fatbol.<\/p>  <p>El encuentro sirvi\u00f3 tambi\u00e9n para reforzar la memoria familiar a trav\u00e9s de un \u00e1rbol geneal\u00f3gico que se remonta a finales del siglo XIX. Tras el \u00e9xito de esta edici\u00f3n, la familia ya prepara el tercer encuentro en 2027, que tendr\u00e1 lugar en su pueblo de origen, C\u00fallar, bajo el lema: <i>\u201cLas ra\u00edces\u201d<\/i>.<\/p> ","protected":false},"excerpt":{"rendered":"<p>De un pueblo de Granada a la capital tur\u00edstica del Mediterr\u00e1neo<\/p>\n","protected":false},"author":0,"featured_media":20547,"comment_status":"","ping_status":"open","sticky":false,"template":"","format":"standard","meta":{"_acf_changed":false,"footnotes":""},"categories":[1],"tags":[],"class_list":["post-20546","post","type-post","status-publish","format-standard","has-post-thumbnail","hentry","category-sin-categoria"],"acf":{"ser_id":"EFIEGZ6G45H6DK2VT7FEP37PY4","ser_url":"https:\/\/cadenaser.com\/comunitat-valenciana\/2025\/11\/27\/la-familia-galera-reune-a-seis-generaciones-en-benidorm-en-un-emotivo-encuentro-radio-benidorm\/"},"_links":{"self":[{"href":"https:\/\/serbenidorm.daliisolutions.com\/index.php\/wp-json\/wp\/v2\/posts\/20546","targetHints":{"allow":["GET"]}}],"collection":[{"href":"https:\/\/serbenidorm.daliisolutions.com\/index.php\/wp-json\/wp\/v2\/posts"}],"about":[{"href":"https:\/\/serbenidorm.daliisolutions.com\/index.php\/wp-json\/wp\/v2\/types\/post"}],"replies":[{"embeddable":true,"href":"https:\/\/serbenidorm.daliisolutions.com\/index.php\/wp-json\/wp\/v2\/comments?post=20546"}],"version-history":[{"count":0,"href":"https:\/\/serbenidorm.daliisolutions.com\/index.php\/wp-json\/wp\/v2\/posts\/20546\/revisions"}],"wp:featuredmedia":[{"embeddable":true,"href":"https:\/\/serbenidorm.daliisolutions.com\/index.php\/wp-json\/wp\/v2\/media\/20547"}],"wp:attachment":[{"href":"https:\/\/serbenidorm.daliisolutions.com\/index.php\/wp-json\/wp\/v2\/media?parent=20546"}],"wp:term":[{"taxonomy":"category","embeddable":true,"href":"https:\/\/serbenidorm.daliisolutions.com\/index.php\/wp-json\/wp\/v2\/categories?post=20546"},{"taxonomy":"post_tag","embeddable":true,"href":"https:\/\/serbenidorm.daliisolutions.com\/index.php\/wp-json\/wp\/v2\/tags?post=20546"}],"curies":[{"name":"wp","href":"https:\/\/api.w.org\/{rel}","templated":true}]}}