{"id":20557,"date":"2025-12-05T12:23:12","date_gmt":"2025-12-05T11:23:12","guid":{"rendered":"https:\/\/serbenidorm.daliisolutions.com\/index.php\/2025\/12\/05\/el-servigroup-benidorm-podria-salir-del-descenso-en-el-palau\/"},"modified":"2025-12-05T12:23:12","modified_gmt":"2025-12-05T11:23:12","slug":"el-servigroup-benidorm-podria-salir-del-descenso-en-el-palau","status":"publish","type":"post","link":"https:\/\/serbenidorm.daliisolutions.com\/index.php\/2025\/12\/05\/el-servigroup-benidorm-podria-salir-del-descenso-en-el-palau\/","title":{"rendered":"El Servigroup Benidorm podr\u00eda salir del descenso en el Palau"},"content":{"rendered":" <p>El Servigroup Benidorm vuelve este s\u00e1bado (17:00 horas) al Palau d\u2019Esports para recibir al Tarragona, \u00faltimo clasificado sin haber puntuado todav\u00eda, en lo que se ve como una gran oportunidad para, tras el triunfo logrado el mi\u00e9rcoles en Canarias, escapar de los puestos de descenso. Para lograrlo, los de Iv\u00e1n Navarro deber\u00e1n sumar tres puntos ante los catalanes y esperar un m\u00e1s que previsible tropiezo del Unicaja Almer\u00eda en su visita al invicto l\u00edder, el Guaguas.<\/p>  <p>Tras una semana muy convulsa que se inici\u00f3 con la destituci\u00f3n de Adriano Lamb y que se encarril\u00f3 con la importante victoria del mi\u00e9rcoles en casa del San Roque, en el seno del Club Voleibol Playas de Benidorm se conf\u00eda en poder sumar la segunda victoria consecutiva y, de esta manera, cambiar la irregular din\u00e1mica que ha venido protagonizando el equipo desde el arranque de la temporada en un periodo en el que, por otra parte, los benidormenses se han medido a los equipos m\u00e1s potentes de la categor\u00eda.<\/p>  <p>Es, por lo tanto, a partir de ahora cuando el Servigroup Benidorm deber\u00e1 encontrar la regularidad tanto en su juego como en los resultados. Para ello, se espera que en los pr\u00f3ximos d\u00edas la entidad anuncie el nombre del que ser\u00e1 el sustituto definitivo de Adriano Lamb al frente del equipo.<\/p>  <p>El \u2018men\u00fa\u2019 del voleibol comarcal se completar\u00e1 con los partidos que el Servigroup Playas de Benidorm y el Camporrosso Finestrat, que actuar\u00e1n como locales en la d\u00e9cima jornada de la Superliga 2 Femenina.<\/p>  <p>Las primeras en saltar a la cancha ser\u00e1n las finestratenses, que recibir\u00e1n el s\u00e1bado (18:30 horas) al Universidad de Granada, actual cuarto clasificado con cuatro puntos m\u00e1s que las de Edu Toranzo (que suman un partido menos), por lo que este choque puede ser fundamental para las aspiraciones del Camporrosso Finestrat de terminar la primera vuelta entre las cuatro primeras de la clasificaci\u00f3n.<\/p>  <p>El turno de las benidormenses llegar\u00e1 el domingo (12:30 horas) en el Pabell\u00f3n Ra\u00fal Mesa con un derbi provincial ante el San Juan en un partido en el que las de Noelia Santacreu tratar\u00e1n de sumar tres puntos fundamentales para seguir amarradas al grupo de equipos que pelean por acabar la competici\u00f3n entre los cuatro primeros clasificados y, de esta manera, obtener el pasaporte a la que, tras la reestructuraci\u00f3n de la competici\u00f3n que se espera al final de este curso, mantenerse la pr\u00f3xima temporada en la categor\u00eda de plata del v\u00f3ley nacional.<\/p> ","protected":false},"excerpt":{"rendered":"<p>En la Superliga 2 Femenina los dos equipos de la Marina Baixa juegan en casa<\/p>\n","protected":false},"author":0,"featured_media":20558,"comment_status":"","ping_status":"open","sticky":false,"template":"","format":"standard","meta":{"_acf_changed":false,"footnotes":""},"categories":[16],"tags":[],"class_list":["post-20557","post","type-post","status-publish","format-standard","has-post-thumbnail","hentry","category-deportes"],"acf":{"ser_id":"TAEF3X7NDNBD7IMC7VXZP4TZVQ","ser_url":"https:\/\/cadenaser.com\/comunitat-valenciana\/2025\/12\/05\/el-servigroup-benidorm-podria-salir-del-descenso-en-el-palau-radio-benidorm\/"},"_links":{"self":[{"href":"https:\/\/serbenidorm.daliisolutions.com\/index.php\/wp-json\/wp\/v2\/posts\/20557","targetHints":{"allow":["GET"]}}],"collection":[{"href":"https:\/\/serbenidorm.daliisolutions.com\/index.php\/wp-json\/wp\/v2\/posts"}],"about":[{"href":"https:\/\/serbenidorm.daliisolutions.com\/index.php\/wp-json\/wp\/v2\/types\/post"}],"replies":[{"embeddable":true,"href":"https:\/\/serbenidorm.daliisolutions.com\/index.php\/wp-json\/wp\/v2\/comments?post=20557"}],"version-history":[{"count":0,"href":"https:\/\/serbenidorm.daliisolutions.com\/index.php\/wp-json\/wp\/v2\/posts\/20557\/revisions"}],"wp:featuredmedia":[{"embeddable":true,"href":"https:\/\/serbenidorm.daliisolutions.com\/index.php\/wp-json\/wp\/v2\/media\/20558"}],"wp:attachment":[{"href":"https:\/\/serbenidorm.daliisolutions.com\/index.php\/wp-json\/wp\/v2\/media?parent=20557"}],"wp:term":[{"taxonomy":"category","embeddable":true,"href":"https:\/\/serbenidorm.daliisolutions.com\/index.php\/wp-json\/wp\/v2\/categories?post=20557"},{"taxonomy":"post_tag","embeddable":true,"href":"https:\/\/serbenidorm.daliisolutions.com\/index.php\/wp-json\/wp\/v2\/tags?post=20557"}],"curies":[{"name":"wp","href":"https:\/\/api.w.org\/{rel}","templated":true}]}}