{"id":20559,"date":"2025-12-05T12:23:13","date_gmt":"2025-12-05T11:23:13","guid":{"rendered":"https:\/\/serbenidorm.daliisolutions.com\/index.php\/2025\/12\/05\/jornada-con-sabor-a-asobal-en-el-palau-desports\/"},"modified":"2025-12-05T12:23:13","modified_gmt":"2025-12-05T11:23:13","slug":"jornada-con-sabor-a-asobal-en-el-palau-desports","status":"publish","type":"post","link":"https:\/\/serbenidorm.daliisolutions.com\/index.php\/2025\/12\/05\/jornada-con-sabor-a-asobal-en-el-palau-desports\/","title":{"rendered":"Jornada con sabor a Asobal en el Palau d\u2019Esports"},"content":{"rendered":" <p>Se hab\u00eda convertido en un cl\u00e1sico de la liga Asobal que, tras el descenso de sus dos protagonistas en la pasada temporada, se ha trasladado ahora a la Divisi\u00f3n de Honor Plata. El Balonmano Servigroup Benidorm recibe este domingo (17:00 horas) en el Palau d\u2019Esports al Anaitasuna navarro en un choque que promete ser fundamental en lo que a la definici\u00f3n de la zona alta de la clasificaci\u00f3n se refiere.<\/p>  <p>Los benidormenses han disfrutado, al fin, de una semana completa de preparaci\u00f3n y entrenamientos despu\u00e9s de su abarrotado calendario de noviembre, mes en el que concentraron hasta seis partidos oficiales.<\/p>  <p>Con m\u00e1s calma y, sobre todo, con la moral muy alta despu\u00e9s de las contundentes victorias sumadas en las dos \u00faltimas jornadas ante Zaragoza en casa (35-29) y Alcobendas como visitantes (25-33), el Balonmano Servigroup Benidorm afronta la 13\u00aa jornada de liga con la misi\u00f3n de sumar dos puntos que lo afiancen en los puestos de promoci\u00f3n de ascenso.<\/p>  <p>Frente a los de Marko Krivokapic formar\u00e1 un Anaitasuna que ocupa la s\u00e9ptima posici\u00f3n de la clasificaci\u00f3n con s\u00f3lo un punto menos que los locales y que, por lo tanto, afronta este tramo final del a\u00f1o con los mismos objetivos que los benidormenses.<\/p>  <p>Con tres jornadas antes de poner el punto y final al a\u00f1o 2025 (y a la primera vuelta de la competici\u00f3n liguera), el Balonmano Servigroup Benidorm conf\u00eda en poder hacer valer su buen momento general para superar a Anaitasuna y, de esta manera, pelear en las dos fechas restantes, ante Puerto de Sagunto (como visitantes) y Cisne (en el Palau), por cerrar esa primera mitad del curso como l\u00edderes de la clasificaci\u00f3n. <\/p> ","protected":false},"excerpt":{"rendered":"<p>El Balonmano Servigroup Benidorm recibe al Anaitasuna en un duelo que promete definir la zona alta de la tabla<\/p>\n","protected":false},"author":0,"featured_media":20560,"comment_status":"","ping_status":"open","sticky":false,"template":"","format":"standard","meta":{"_acf_changed":false,"footnotes":""},"categories":[16],"tags":[],"class_list":["post-20559","post","type-post","status-publish","format-standard","has-post-thumbnail","hentry","category-deportes"],"acf":{"ser_id":"4IB47VACDNGEHES7HBFFDAAA2A","ser_url":"https:\/\/cadenaser.com\/comunitat-valenciana\/2025\/12\/05\/jornada-con-sabor-a-asobal-en-el-palau-desports-radio-benidorm\/"},"_links":{"self":[{"href":"https:\/\/serbenidorm.daliisolutions.com\/index.php\/wp-json\/wp\/v2\/posts\/20559","targetHints":{"allow":["GET"]}}],"collection":[{"href":"https:\/\/serbenidorm.daliisolutions.com\/index.php\/wp-json\/wp\/v2\/posts"}],"about":[{"href":"https:\/\/serbenidorm.daliisolutions.com\/index.php\/wp-json\/wp\/v2\/types\/post"}],"replies":[{"embeddable":true,"href":"https:\/\/serbenidorm.daliisolutions.com\/index.php\/wp-json\/wp\/v2\/comments?post=20559"}],"version-history":[{"count":0,"href":"https:\/\/serbenidorm.daliisolutions.com\/index.php\/wp-json\/wp\/v2\/posts\/20559\/revisions"}],"wp:featuredmedia":[{"embeddable":true,"href":"https:\/\/serbenidorm.daliisolutions.com\/index.php\/wp-json\/wp\/v2\/media\/20560"}],"wp:attachment":[{"href":"https:\/\/serbenidorm.daliisolutions.com\/index.php\/wp-json\/wp\/v2\/media?parent=20559"}],"wp:term":[{"taxonomy":"category","embeddable":true,"href":"https:\/\/serbenidorm.daliisolutions.com\/index.php\/wp-json\/wp\/v2\/categories?post=20559"},{"taxonomy":"post_tag","embeddable":true,"href":"https:\/\/serbenidorm.daliisolutions.com\/index.php\/wp-json\/wp\/v2\/tags?post=20559"}],"curies":[{"name":"wp","href":"https:\/\/api.w.org\/{rel}","templated":true}]}}