{"id":20561,"date":"2025-12-05T12:23:14","date_gmt":"2025-12-05T11:23:14","guid":{"rendered":"https:\/\/serbenidorm.daliisolutions.com\/index.php\/2025\/12\/05\/el-benidorm-cierra-su-triptico-como-local-y-la-nucia-busca-revertir-su-crisis\/"},"modified":"2025-12-05T12:23:14","modified_gmt":"2025-12-05T11:23:14","slug":"el-benidorm-cierra-su-triptico-como-local-y-la-nucia-busca-revertir-su-crisis","status":"publish","type":"post","link":"https:\/\/serbenidorm.daliisolutions.com\/index.php\/2025\/12\/05\/el-benidorm-cierra-su-triptico-como-local-y-la-nucia-busca-revertir-su-crisis\/","title":{"rendered":"El Benidorm cierra su tr\u00edptico como local y La Nuc\u00eda busca revertir su crisis"},"content":{"rendered":" <p>Como todas las competiciones, el f\u00fatbol tambi\u00e9n se encamina hacia el par\u00f3n navide\u00f1o y al final de la primera vuelta liguera con los dos equipos m\u00e1s representativos de la comarca de la Marina Baixa viviendo dos momentos muy distintos.<\/p>  <p>En la Lliga Comunitat, el Benidorm llega a la 13\u00aa jornada disfrutando de un c\u00f3modo colch\u00f3n de cuatro puntos sobre el Torrevieja, segundo clasificado, tras haber acumulado ocho victorias, tres empates y una sola derrota en lo que llevamos de campeonato.<\/p>  <p>Este s\u00e1bado (16:00 horas) los de Javier Vidales afrontar\u00e1n su tercer partido consecutivo en el Guillermo Amor recibiendo a un Alberic muy necesitado ya que ocupa la 13\u00aa plaza a s\u00f3lo dos puntos de la \u00faltima posici\u00f3n. Se trata, por lo tanto, de una gran oportunidad para que el Benidorm siga sumando de tres en tres y pueda, a expensas de lo que hagan Torrevieja, Eldense B o Independiente de Alicante; seguir ampliando su ventaja en lo m\u00e1s alto.<\/p>  <p>Muy distintas son las sensaciones en La Nuc\u00eda, que ha disfrutado de una semana de descanso para preparar su desplazamiento para v\u00e9rselas con el H\u00e9rcules B en un choque en el que los de Vicente Mir tienen la obligaci\u00f3n de salir definitivamente de su crisis de resultados y comenzar la remontada para, como asegur\u00f3 el propio entrenador rojillo en SER Deportivos Marina Baixa, seguir aspirando a meterse en el play-off de ascenso a lo largo de la segunda vuelta.<\/p>  <p>Los alicantinos llegan a esta 13\u00aa jornada de la Tercera RFEF con s\u00f3lo un punto m\u00e1s que los nucieros que, aunque siguen mirando hacia la zona alta (est\u00e1n a nueve puntos del Villarreal C, frontera del play-off de ascenso), tienen el descenso a solo dos puntos, lo que hace todav\u00eda m\u00e1s acuciante la necesidad de lograr la que ser\u00eda su primera victoria desde la lograda el d\u00eda 28 de septiembre ante el Vall d\u2019Ux\u00f3.<\/p> ","protected":false},"excerpt":{"rendered":"<p>El equipo de Javier Vidales intentar\u00e1 seguir ampliando su renta al frente de la clasificaci\u00f3n <\/p>\n","protected":false},"author":0,"featured_media":20562,"comment_status":"","ping_status":"open","sticky":false,"template":"","format":"standard","meta":{"_acf_changed":false,"footnotes":""},"categories":[16],"tags":[],"class_list":["post-20561","post","type-post","status-publish","format-standard","has-post-thumbnail","hentry","category-deportes"],"acf":{"ser_id":"YQPP34Z7WZADJNRX2TFJZLH7PA","ser_url":"https:\/\/cadenaser.com\/comunitat-valenciana\/2025\/12\/05\/el-benidorm-cierra-su-triptico-como-local-y-la-nucia-busca-revertir-su-crisis-radio-benidorm\/"},"_links":{"self":[{"href":"https:\/\/serbenidorm.daliisolutions.com\/index.php\/wp-json\/wp\/v2\/posts\/20561","targetHints":{"allow":["GET"]}}],"collection":[{"href":"https:\/\/serbenidorm.daliisolutions.com\/index.php\/wp-json\/wp\/v2\/posts"}],"about":[{"href":"https:\/\/serbenidorm.daliisolutions.com\/index.php\/wp-json\/wp\/v2\/types\/post"}],"replies":[{"embeddable":true,"href":"https:\/\/serbenidorm.daliisolutions.com\/index.php\/wp-json\/wp\/v2\/comments?post=20561"}],"version-history":[{"count":0,"href":"https:\/\/serbenidorm.daliisolutions.com\/index.php\/wp-json\/wp\/v2\/posts\/20561\/revisions"}],"wp:featuredmedia":[{"embeddable":true,"href":"https:\/\/serbenidorm.daliisolutions.com\/index.php\/wp-json\/wp\/v2\/media\/20562"}],"wp:attachment":[{"href":"https:\/\/serbenidorm.daliisolutions.com\/index.php\/wp-json\/wp\/v2\/media?parent=20561"}],"wp:term":[{"taxonomy":"category","embeddable":true,"href":"https:\/\/serbenidorm.daliisolutions.com\/index.php\/wp-json\/wp\/v2\/categories?post=20561"},{"taxonomy":"post_tag","embeddable":true,"href":"https:\/\/serbenidorm.daliisolutions.com\/index.php\/wp-json\/wp\/v2\/tags?post=20561"}],"curies":[{"name":"wp","href":"https:\/\/api.w.org\/{rel}","templated":true}]}}