{"id":20563,"date":"2025-12-05T12:23:14","date_gmt":"2025-12-05T11:23:14","guid":{"rendered":"https:\/\/serbenidorm.daliisolutions.com\/index.php\/2025\/12\/05\/el-sporting-la-nucia-viaja-a-rivas-a-resarcirse-de-la-primera-derrota-en-casa\/"},"modified":"2025-12-05T12:23:14","modified_gmt":"2025-12-05T11:23:14","slug":"el-sporting-la-nucia-viaja-a-rivas-a-resarcirse-de-la-primera-derrota-en-casa","status":"publish","type":"post","link":"https:\/\/serbenidorm.daliisolutions.com\/index.php\/2025\/12\/05\/el-sporting-la-nucia-viaja-a-rivas-a-resarcirse-de-la-primera-derrota-en-casa\/","title":{"rendered":"El Sporting La Nuc\u00eda viaja a Rivas a resarcirse de la primera derrota en casa"},"content":{"rendered":" <p>Despu\u00e9s de haber conseguido hace dos semanas su primera victoria como visitante ante el Torrej\u00f3n y de no haber podido defender ese \u2018break point\u2019 en el Camilo Casa frente al Cobisa, el Sporting La Nuc\u00eda vuelve a viajar este fin de semana a tierras madrile\u00f1as para medirse al Rivas en un partido en el que los de David \u2018Dada\u2019 Valverde tratar\u00e1n de sumar tres nuevos puntos y volver a poner el contador a cero en su busca de encadenar una racha de dos triunfos consecutivos.<\/p>  <p>El partido, correspondiente a las 14\u00aa jornada y que arrancar\u00e1 el s\u00e1bado (18:00 horas), medir\u00e1 a dos equipos que marchan muy parejos en la clasificaci\u00f3n y que, por lo tanto, deber\u00e1 servir para definir un poco mejor esa zona media de la tabla a falta de s\u00f3lo tres jornadas para el final de la primera vuelta.<\/p>  <p>El Sporting La Nuc\u00eda llega al choque contra los madrile\u00f1os ocupando la s\u00e9ptima posici\u00f3n con 18 puntos mientras que el Rivas se sit\u00faa en la octava plaza con un punto menos. <\/p> ","protected":false},"excerpt":{"rendered":"<p>El equipo rojillo sigue sin poder sumar dos triunfos consecutivos<\/p>\n","protected":false},"author":0,"featured_media":20564,"comment_status":"","ping_status":"open","sticky":false,"template":"","format":"standard","meta":{"_acf_changed":false,"footnotes":""},"categories":[16],"tags":[],"class_list":["post-20563","post","type-post","status-publish","format-standard","has-post-thumbnail","hentry","category-deportes"],"acf":{"ser_id":"QQBN2HBWIBHIVGUX22WMGQULPA","ser_url":"https:\/\/cadenaser.com\/comunitat-valenciana\/2025\/12\/05\/el-sporting-la-nucia-viaja-a-rivas-a-resarcirse-de-la-primera-derrota-en-casa-radio-benidorm\/"},"_links":{"self":[{"href":"https:\/\/serbenidorm.daliisolutions.com\/index.php\/wp-json\/wp\/v2\/posts\/20563","targetHints":{"allow":["GET"]}}],"collection":[{"href":"https:\/\/serbenidorm.daliisolutions.com\/index.php\/wp-json\/wp\/v2\/posts"}],"about":[{"href":"https:\/\/serbenidorm.daliisolutions.com\/index.php\/wp-json\/wp\/v2\/types\/post"}],"replies":[{"embeddable":true,"href":"https:\/\/serbenidorm.daliisolutions.com\/index.php\/wp-json\/wp\/v2\/comments?post=20563"}],"version-history":[{"count":0,"href":"https:\/\/serbenidorm.daliisolutions.com\/index.php\/wp-json\/wp\/v2\/posts\/20563\/revisions"}],"wp:featuredmedia":[{"embeddable":true,"href":"https:\/\/serbenidorm.daliisolutions.com\/index.php\/wp-json\/wp\/v2\/media\/20564"}],"wp:attachment":[{"href":"https:\/\/serbenidorm.daliisolutions.com\/index.php\/wp-json\/wp\/v2\/media?parent=20563"}],"wp:term":[{"taxonomy":"category","embeddable":true,"href":"https:\/\/serbenidorm.daliisolutions.com\/index.php\/wp-json\/wp\/v2\/categories?post=20563"},{"taxonomy":"post_tag","embeddable":true,"href":"https:\/\/serbenidorm.daliisolutions.com\/index.php\/wp-json\/wp\/v2\/tags?post=20563"}],"curies":[{"name":"wp","href":"https:\/\/api.w.org\/{rel}","templated":true}]}}