{"id":20565,"date":"2025-12-05T12:23:15","date_gmt":"2025-12-05T11:23:15","guid":{"rendered":"https:\/\/serbenidorm.daliisolutions.com\/index.php\/2025\/12\/05\/el-baloncesto-benidorm-recibe-a-maristas-en-un-partido-trampa\/"},"modified":"2025-12-05T12:23:15","modified_gmt":"2025-12-05T11:23:15","slug":"el-baloncesto-benidorm-recibe-a-maristas-en-un-partido-trampa","status":"publish","type":"post","link":"https:\/\/serbenidorm.daliisolutions.com\/index.php\/2025\/12\/05\/el-baloncesto-benidorm-recibe-a-maristas-en-un-partido-trampa\/","title":{"rendered":"El Baloncesto Benidorm recibe a Maristas en un partido trampa"},"content":{"rendered":" <p>Aunque lo que dice la tabla clasificatoria podr\u00eda hacer pensar que el que medir\u00e1 este s\u00e1bado (19:30 horas) en el Palau d\u2019Esports al Servigroup Benidorm y al Maristas Valencia es un partido de tr\u00e1mite para los de Nico S\u00e1nchez, los locales no se f\u00edan en absoluto de un rival que, pese a su mal inicio de temporada, guarda mucho m\u00e1s potencial del demostrado hasta ahora sobre la cancha.<\/p>  <p>Por ello, y con la intenci\u00f3n de seguir sumando de dos en dos para atacar las primeras posiciones de la clasificaci\u00f3n antes de dar por cerrada la primera vuelta liguera, la plantilla del Servigroup Benidorm se ha conjurado para no darle hueco alguno a la relajaci\u00f3n y afrontar este choque con la misma intensidad que el de la pasada semana ante el Elche, un rival directo al que se pudo superar en su cancha con relativa solvencia (79-82).<\/p>  <p>Ser\u00e1 este el antepen\u00faltimo partido de la primera vuelta y de 2025 antes de que los de Nico S\u00e1nchez afronten un complicad\u00edsimo desplazamiento a la cancha del Jorge Juan (con el que comparten ahora la quinta posici\u00f3n) y cerrar este tramo del curso el d\u00eda 20 de diciembre (19:30 horas) en casa ante el Lucentum Alicante, colista actual de la competici\u00f3n.<\/p> ","protected":false},"excerpt":{"rendered":"<p>Los locales no se f\u00edan de la mala posici\u00f3n de los valencianos en la clasificaci\u00f3n<\/p>\n","protected":false},"author":0,"featured_media":20566,"comment_status":"","ping_status":"open","sticky":false,"template":"","format":"standard","meta":{"_acf_changed":false,"footnotes":""},"categories":[16],"tags":[],"class_list":["post-20565","post","type-post","status-publish","format-standard","has-post-thumbnail","hentry","category-deportes"],"acf":{"ser_id":"ADUZXC6IORDQ7LBJN6CZHR4KAA","ser_url":"https:\/\/cadenaser.com\/comunitat-valenciana\/2025\/12\/05\/el-baloncesto-benidorm-recibe-a-maristas-en-un-partido-trampa-radio-benidorm\/"},"_links":{"self":[{"href":"https:\/\/serbenidorm.daliisolutions.com\/index.php\/wp-json\/wp\/v2\/posts\/20565","targetHints":{"allow":["GET"]}}],"collection":[{"href":"https:\/\/serbenidorm.daliisolutions.com\/index.php\/wp-json\/wp\/v2\/posts"}],"about":[{"href":"https:\/\/serbenidorm.daliisolutions.com\/index.php\/wp-json\/wp\/v2\/types\/post"}],"replies":[{"embeddable":true,"href":"https:\/\/serbenidorm.daliisolutions.com\/index.php\/wp-json\/wp\/v2\/comments?post=20565"}],"version-history":[{"count":0,"href":"https:\/\/serbenidorm.daliisolutions.com\/index.php\/wp-json\/wp\/v2\/posts\/20565\/revisions"}],"wp:featuredmedia":[{"embeddable":true,"href":"https:\/\/serbenidorm.daliisolutions.com\/index.php\/wp-json\/wp\/v2\/media\/20566"}],"wp:attachment":[{"href":"https:\/\/serbenidorm.daliisolutions.com\/index.php\/wp-json\/wp\/v2\/media?parent=20565"}],"wp:term":[{"taxonomy":"category","embeddable":true,"href":"https:\/\/serbenidorm.daliisolutions.com\/index.php\/wp-json\/wp\/v2\/categories?post=20565"},{"taxonomy":"post_tag","embeddable":true,"href":"https:\/\/serbenidorm.daliisolutions.com\/index.php\/wp-json\/wp\/v2\/tags?post=20565"}],"curies":[{"name":"wp","href":"https:\/\/api.w.org\/{rel}","templated":true}]}}