{"id":20572,"date":"2025-12-05T15:29:33","date_gmt":"2025-12-05T14:29:33","guid":{"rendered":"https:\/\/serbenidorm.daliisolutions.com\/index.php\/2025\/12\/05\/juanan-fernandez-alguna-vuelta-al-mundo-corriendo-ya-he-acumulado\/"},"modified":"2025-12-05T15:29:33","modified_gmt":"2025-12-05T14:29:33","slug":"juanan-fernandez-alguna-vuelta-al-mundo-corriendo-ya-he-acumulado","status":"publish","type":"post","link":"https:\/\/serbenidorm.daliisolutions.com\/index.php\/2025\/12\/05\/juanan-fernandez-alguna-vuelta-al-mundo-corriendo-ya-he-acumulado\/","title":{"rendered":"Juanan Fern\u00e1ndez: \u201cAlguna vuelta al mundo corriendo ya he acumulado\u201d"},"content":{"rendered":" <p>Sus propios compa\u00f1eros del Club Atletismo Benidorm le se\u00f1alan como su \u2018capit\u00e1n\u2019, aunque \u00e9l insiste en que es uno m\u00e1s. Un apasionado m\u00e1s del atletismo en cualquiera de sus variantes. De hecho, sus inicios le llevaron hacia el salto de altura, pero desde muy pronto qued\u00f3 claro que lo suyo era echar a correr y no mirar atr\u00e1s.<\/p>  <p>Una vida entera disfrutando de su pasi\u00f3n que se ha transformado en una hoja de servicios impresionante en la que destaca el gran logro de haber completado los seis \u2018majors\u2019 del marat\u00f3n (Berl\u00edn, Londres, Tokio, Chicago, Bost\u00f3n y Nueva York), una aventura que en Benidorm s\u00f3lo han completado \u00e9l y Manuel Bobante.<\/p>  <p>Juanan Fern\u00e1ndez ha sido el invitado de un SER Deportivos Marina Baixa muy especial. Un programa que, como tantas otras veces, ha querido poner el foco en un deporte minoritario (pese a ser el gran evento de los Juegos Ol\u00edmpicos) y en una carrera deportiva an\u00f3nima (aunque no tanto para los benidormeneses) llena de momentos emocionantes que llevan a su protagonista al borde de las l\u00e1grimas al recordar, por ejemplo, su paso por el marat\u00f3n de Berl\u00edn.<\/p>  <p>Ha completado ya sus primeras 20 Benidorm Half y asegura que, tras tantas competiciones y entrenamientos a lo largo de los a\u00f1os, \u201calguna vuelta al mundo corriendo\u201d ya ha acumulado. Ser\u00e1n s\u00f3lo las primeras de las que est\u00e1n por llegar.<\/p> ","protected":false},"excerpt":{"rendered":"<p>Es el \u2018capit\u00e1n\u2019 del Club Atletismo Benidorm, ha completado los seis \u2018majors\u2019 y corrido 20 ediciones de la Benidorm Half<\/p>\n","protected":false},"author":0,"featured_media":20573,"comment_status":"","ping_status":"open","sticky":false,"template":"","format":"standard","meta":{"_acf_changed":false,"footnotes":""},"categories":[16],"tags":[],"class_list":["post-20572","post","type-post","status-publish","format-standard","has-post-thumbnail","hentry","category-deportes"],"acf":{"ser_id":"Z7COJW6WBFB5JESK5TDY3TKMSM","ser_url":"https:\/\/cadenaser.com\/comunitat-valenciana\/2025\/12\/05\/juanan-fernandez-alguna-vuelta-al-mundo-corriendo-ya-he-acumulado-radio-benidorm\/"},"_links":{"self":[{"href":"https:\/\/serbenidorm.daliisolutions.com\/index.php\/wp-json\/wp\/v2\/posts\/20572","targetHints":{"allow":["GET"]}}],"collection":[{"href":"https:\/\/serbenidorm.daliisolutions.com\/index.php\/wp-json\/wp\/v2\/posts"}],"about":[{"href":"https:\/\/serbenidorm.daliisolutions.com\/index.php\/wp-json\/wp\/v2\/types\/post"}],"replies":[{"embeddable":true,"href":"https:\/\/serbenidorm.daliisolutions.com\/index.php\/wp-json\/wp\/v2\/comments?post=20572"}],"version-history":[{"count":0,"href":"https:\/\/serbenidorm.daliisolutions.com\/index.php\/wp-json\/wp\/v2\/posts\/20572\/revisions"}],"wp:featuredmedia":[{"embeddable":true,"href":"https:\/\/serbenidorm.daliisolutions.com\/index.php\/wp-json\/wp\/v2\/media\/20573"}],"wp:attachment":[{"href":"https:\/\/serbenidorm.daliisolutions.com\/index.php\/wp-json\/wp\/v2\/media?parent=20572"}],"wp:term":[{"taxonomy":"category","embeddable":true,"href":"https:\/\/serbenidorm.daliisolutions.com\/index.php\/wp-json\/wp\/v2\/categories?post=20572"},{"taxonomy":"post_tag","embeddable":true,"href":"https:\/\/serbenidorm.daliisolutions.com\/index.php\/wp-json\/wp\/v2\/tags?post=20572"}],"curies":[{"name":"wp","href":"https:\/\/api.w.org\/{rel}","templated":true}]}}