{"id":2059,"date":"2024-02-06T11:24:46","date_gmt":"2024-02-06T10:24:46","guid":{"rendered":"https:\/\/serbenidorm.daliisolutions.com\/index.php\/2024\/02\/06\/servigroup-hoteles-el-deporte-en-la-marina-baixa-tiene-nombre-propio\/"},"modified":"2024-02-06T11:24:46","modified_gmt":"2024-02-06T10:24:46","slug":"servigroup-hoteles-el-deporte-en-la-marina-baixa-tiene-nombre-propio","status":"publish","type":"post","link":"https:\/\/serbenidorm.daliisolutions.com\/index.php\/2024\/02\/06\/servigroup-hoteles-el-deporte-en-la-marina-baixa-tiene-nombre-propio\/","title":{"rendered":"Servigroup Hoteles, el deporte en la Marina Baixa tiene nombre propio"},"content":{"rendered":"  <p>Benidorm<\/p>   <p>Cada d\u00eda, centenares de deportistas y equipos entrenan en las distintas instalaciones deportivas de la Marina Baixa preparando las competiciones que, cada cual en su categor\u00eda, deben de afrontar durante el fin de semana. Antes y despu\u00e9s de esos partidos, los focos medi\u00e1ticos suelen centrarse en los equipos s\u00e9nior de cada especialidad y, entre ellos, en aquellos que defienden el nombre de Benidorm y de otros muchos pueblos de la Marina Baixa en las grandes competiciones nacionales. Pero para que eso sea posible y nuestra comarca tenga representantes, entre otros, en la <a href=\"https:\/\/cadenaser.com\/tag\/liga_asobal\/a\/\">Liga Asobal<\/a>, la <a href=\"https:\/\/cadenaser.com\/tag\/club_voleibol_playas_benidorm\/a\/\">Superliga 2 de voleibol<\/a>, la <a href=\"https:\/\/cadenaser.com\/tag\/club_rugby_la_vila\/a\/\">Divisi\u00f3n de Honor B de rugby<\/a> o la <a href=\"https:\/\/cadenaser.com\/tag\/liga_eba\/a\/\">Liga EBA<\/a> de baloncesto, es imperativo que todos esos clubes cuenten con una nutrida y s\u00f3lida base de la que ir seleccionando a las estrellas del ma\u00f1ana.<\/p>   <p>Y para que eso pueda suceder, se hace imprescindible el apoyo de instituciones p\u00fablicas y empresas privadas que, mediante el patrocinio de equipos y escuelas, hagan viable todos esos proyectos. Y en eso, en el apoyo decidido e ininterrumpido del deporte, sin importar la disciplina o la categor\u00eda, un nombre destaca por encima de todos en la Marina Baixa: Servigroup Hoteles.<\/p>   <p>La cadena hotelera de la familia Caball\u00e9 se ha convertido, por su empe\u00f1o y convicci\u00f3n, en la gran mecenas del deporte local y ahora, adem\u00e1s, ser\u00e1 la patrocinadora de la nueva secci\u00f3n semanal que desde este mes de febrero protagonizar\u00e1 los mi\u00e9rcoles de <a href=\"https:\/\/cadenaser.com\/radio-benidorm\/ser-deportivos-benidorm\/\">SER Deportivos Marina Baixa<\/a> y que se dedicar\u00e1 en exclusiva al deporte base de Benidorm y del resto de la comarca.<\/p>   <p>Como primera invitada de esta nueva secci\u00f3n, el programa deportivo de <a href=\"https:\/\/cadenaser.com\/radio-benidorm\/\">Radio Benidorm-SER<\/a>, Natalia Caball\u00e9, directora de Imagen y Publicidad de Servigroup Hoteles, pas\u00f3 por los micr\u00f3fonos de Radio Benidorm-SER para explicar, entre otras cosas, c\u00f3mo se inici\u00f3 la andadura de la cadena en el mundo del patrocinio deportivo y las muchas alegr\u00edas que esta decidida apuesta ha reportado a la empresa, alegr\u00edas que van mucho m\u00e1s all\u00e1 del mero retorno econ\u00f3mico ya que, como ella misma ha asegurado, el v\u00ednculo entre empresa y clubes va mucho m\u00e1s all\u00e1 del acuerdo de patrocinio y se asemeja m\u00e1s al de una inmensa familia del deporte.<\/p> ","protected":false},"excerpt":{"rendered":"<p>Natalia Caball\u00e9 inaugur\u00f3 la secci\u00f3n semanal que SER Deportivos dedicar\u00e1 al deporte base de la comarca<\/p>\n","protected":false},"author":0,"featured_media":2060,"comment_status":"open","ping_status":"open","sticky":false,"template":"","format":"standard","meta":{"_acf_changed":false,"footnotes":""},"categories":[16],"tags":[],"class_list":["post-2059","post","type-post","status-publish","format-standard","has-post-thumbnail","hentry","category-deportes"],"acf":{"ser_id":"QHWJPM4JOJFPBNTMCYE5M7RMFM","ser_url":"https:\/\/cadenaser.com\/comunitat-valenciana\/2024\/02\/06\/servigroup-hoteles-el-deporte-en-la-marina-baixa-tiene-nombre-propio-radio-benidorm\/"},"_links":{"self":[{"href":"https:\/\/serbenidorm.daliisolutions.com\/index.php\/wp-json\/wp\/v2\/posts\/2059","targetHints":{"allow":["GET"]}}],"collection":[{"href":"https:\/\/serbenidorm.daliisolutions.com\/index.php\/wp-json\/wp\/v2\/posts"}],"about":[{"href":"https:\/\/serbenidorm.daliisolutions.com\/index.php\/wp-json\/wp\/v2\/types\/post"}],"replies":[{"embeddable":true,"href":"https:\/\/serbenidorm.daliisolutions.com\/index.php\/wp-json\/wp\/v2\/comments?post=2059"}],"version-history":[{"count":0,"href":"https:\/\/serbenidorm.daliisolutions.com\/index.php\/wp-json\/wp\/v2\/posts\/2059\/revisions"}],"wp:featuredmedia":[{"embeddable":true,"href":"https:\/\/serbenidorm.daliisolutions.com\/index.php\/wp-json\/wp\/v2\/media\/2060"}],"wp:attachment":[{"href":"https:\/\/serbenidorm.daliisolutions.com\/index.php\/wp-json\/wp\/v2\/media?parent=2059"}],"wp:term":[{"taxonomy":"category","embeddable":true,"href":"https:\/\/serbenidorm.daliisolutions.com\/index.php\/wp-json\/wp\/v2\/categories?post=2059"},{"taxonomy":"post_tag","embeddable":true,"href":"https:\/\/serbenidorm.daliisolutions.com\/index.php\/wp-json\/wp\/v2\/tags?post=2059"}],"curies":[{"name":"wp","href":"https:\/\/api.w.org\/{rel}","templated":true}]}}