{"id":20604,"date":"2025-12-06T19:29:57","date_gmt":"2025-12-06T18:29:57","guid":{"rendered":"https:\/\/serbenidorm.daliisolutions.com\/index.php\/2025\/12\/06\/el-benidorm-cierra-su-triptico-en-el-guillermo-amor-con-triunfo\/"},"modified":"2025-12-06T19:29:57","modified_gmt":"2025-12-06T18:29:57","slug":"el-benidorm-cierra-su-triptico-en-el-guillermo-amor-con-triunfo","status":"publish","type":"post","link":"https:\/\/serbenidorm.daliisolutions.com\/index.php\/2025\/12\/06\/el-benidorm-cierra-su-triptico-en-el-guillermo-amor-con-triunfo\/","title":{"rendered":"El Benidorm cierra su tr\u00edptico en el Guillermo Amor con triunfo"},"content":{"rendered":" <p>Tras tres partidos consecutivos en el Guillermo Amor, el C.F. Benidorm se desped\u00eda este s\u00e1bado de su afici\u00f3n para lo que resta de a\u00f1o con un contundente triunfo por 3-1 ante el Alberic que le coloca como virtual campe\u00f3n de invierno con todav\u00eda dos jornadas por delante antes de darle carpetazo a la primera vuelta de la competici\u00f3n.<\/p>  <p>El jovenc\u00edsimo equipo dirigido por Javier Vidales ha vuelto a dar clara muestra de que las l\u00f3gicas dudas que al principio de la presente campa\u00f1a pudo despertar su inexperiencia eran absolutamente infundadas y que la valiente y decidida apuesta del entrenador benidormense est\u00e1 ya dando sus frutos en forma de un equipo que apenas se ha dejado puntos por el camino y que ha sabido mostrarse muy superior a la inmensa mayor\u00eda de sus rivales en un camino en el que, precisamente por esa juventud ya comentada, nadie se atreve ahora a aventurar sobre el techo que estos jugadores podr\u00e1n alcanzar a lo largo de la segunda vuelta.<\/p> ","protected":false},"excerpt":{"rendered":"<p>El equipo de Javier Vidales sigue dando muestras de su favoritismo<\/p>\n","protected":false},"author":0,"featured_media":20605,"comment_status":"","ping_status":"open","sticky":false,"template":"","format":"standard","meta":{"_acf_changed":false,"footnotes":""},"categories":[16],"tags":[],"class_list":["post-20604","post","type-post","status-publish","format-standard","has-post-thumbnail","hentry","category-deportes"],"acf":{"ser_id":"2PLM6UBTBBEM7GMHHKA5Z2P3RE","ser_url":"https:\/\/cadenaser.com\/comunitat-valenciana\/2025\/12\/06\/el-benidorm-cierra-su-triptico-en-el-guillermo-amor-con-triunfo-radio-benidorm\/"},"_links":{"self":[{"href":"https:\/\/serbenidorm.daliisolutions.com\/index.php\/wp-json\/wp\/v2\/posts\/20604","targetHints":{"allow":["GET"]}}],"collection":[{"href":"https:\/\/serbenidorm.daliisolutions.com\/index.php\/wp-json\/wp\/v2\/posts"}],"about":[{"href":"https:\/\/serbenidorm.daliisolutions.com\/index.php\/wp-json\/wp\/v2\/types\/post"}],"replies":[{"embeddable":true,"href":"https:\/\/serbenidorm.daliisolutions.com\/index.php\/wp-json\/wp\/v2\/comments?post=20604"}],"version-history":[{"count":0,"href":"https:\/\/serbenidorm.daliisolutions.com\/index.php\/wp-json\/wp\/v2\/posts\/20604\/revisions"}],"wp:featuredmedia":[{"embeddable":true,"href":"https:\/\/serbenidorm.daliisolutions.com\/index.php\/wp-json\/wp\/v2\/media\/20605"}],"wp:attachment":[{"href":"https:\/\/serbenidorm.daliisolutions.com\/index.php\/wp-json\/wp\/v2\/media?parent=20604"}],"wp:term":[{"taxonomy":"category","embeddable":true,"href":"https:\/\/serbenidorm.daliisolutions.com\/index.php\/wp-json\/wp\/v2\/categories?post=20604"},{"taxonomy":"post_tag","embeddable":true,"href":"https:\/\/serbenidorm.daliisolutions.com\/index.php\/wp-json\/wp\/v2\/tags?post=20604"}],"curies":[{"name":"wp","href":"https:\/\/api.w.org\/{rel}","templated":true}]}}