{"id":2061,"date":"2024-02-06T12:19:52","date_gmt":"2024-02-06T11:19:52","guid":{"rendered":"https:\/\/serbenidorm.daliisolutions.com\/index.php\/2024\/02\/06\/canastas-contra-el-cancer-infantil-el-club-baloncesto-benidorm-y-la-fundacion-unoentrecienmil-unen-fuerzas\/"},"modified":"2024-02-06T12:19:52","modified_gmt":"2024-02-06T11:19:52","slug":"canastas-contra-el-cancer-infantil-el-club-baloncesto-benidorm-y-la-fundacion-unoentrecienmil-unen-fuerzas","status":"publish","type":"post","link":"https:\/\/serbenidorm.daliisolutions.com\/index.php\/2024\/02\/06\/canastas-contra-el-cancer-infantil-el-club-baloncesto-benidorm-y-la-fundacion-unoentrecienmil-unen-fuerzas\/","title":{"rendered":"\u2018Canastas contra el c\u00e1ncer infantil\u2019: El Club Baloncesto Benidorm y la Fundaci\u00f3n Unoentrecienmil unen fuerzas"},"content":{"rendered":"  <p>Benidorm<\/p>   <p>El <a href=\"https:\/\/cadenaser.com\/tag\/club_baloncesto_benidorm\/a\/\">Club Baloncesto Benidorm<\/a> se ha sumado a la iniciativa de la <a href=\"https:\/\/unoentrecienmil.org\/\" rel=\"nofollow\">Fundaci\u00f3n Unoentrecienmil<\/a>, secundada tambi\u00e9n por una leyenda del baloncesto espa\u00f1ol y mundial como Felipe Reyes, y ha lanzado el reto de conseguir sumar un euro por cada uno de los puntos anotados por sus distintos equipos en los partidos que los mismos disputar\u00e1n el pr\u00f3ximo fin de semana para colaborar en la lucha contra el c\u00e1ncer infantil.<\/p>   <p>Retirado desde 2021 despu\u00e9s de m\u00e1s de 20 a\u00f1os en la \u00e9lite durante los que, entre otros muchos t\u00edtulos, consigui\u00f3 el mundial de Jap\u00f3n (2006), tres oros en el Eurobasket (2009, 2011 y 2015) o tres medallas ol\u00edmpicas, <a href=\"https:\/\/cadenaser.com\/tag\/felipe_reyes\/a\/\">Felipe Reyes<\/a> ha vuelto a ejercer de claro ejemplo para que otros equipos de baloncesto, en este caso el Club Baloncesto Benidorm, se sumen a esta iniciativa de la Fundanci\u00f3n Unoentrecienmil para recaudar fondos y, de esta manera, cooperar en la investigaci\u00f3n sobre el c\u00e1ncer infantil.<\/p>   <p>As\u00ed las cosas, la entidad del Palau d\u2019Esports l\u2019Illa de Benidorm, cuyos equipos ya jugar\u00e1n como locales este fin de semana en ese recinto una vez se haya procedido al desmontaje del plat\u00f3 en el que se ha celebrado el Benidorm Fest, ha asumido el reto de recaudar un euro por cada uno de los puntos que anoten los jugadores y jugadoras de cada uno de sus equipos en los partidos que disputen el s\u00e1bado 10 y domingo 11 de febrero.<\/p>   <p>Para ello, el Club Baloncesto Benidorm ha querido hacer un llamamiento a todos los aficionados de la ciudad a acudir en masa a las gradas del Palau para que, de esta manera, puedan ayudar a recaudar la mayor cantidad de fondos posibles.<\/p> ","protected":false},"excerpt":{"rendered":"<p>La entidad benidormense pretende recaudar un euro por cada punto marcado por sus equipos el pr\u00f3ximo fin de semana<\/p>\n","protected":false},"author":0,"featured_media":2062,"comment_status":"open","ping_status":"open","sticky":false,"template":"","format":"standard","meta":{"_acf_changed":false,"footnotes":""},"categories":[16],"tags":[],"class_list":["post-2061","post","type-post","status-publish","format-standard","has-post-thumbnail","hentry","category-deportes"],"acf":{"ser_id":"BRQVFQRJA5GMHNA6Z7PD7ECV7Q","ser_url":"https:\/\/cadenaser.com\/comunitat-valenciana\/2024\/02\/06\/canastas-contra-el-cancer-infantil-el-club-baloncesto-benidorm-y-la-fundacion-unoentrecienmil-unen-fuerzas-radio-benidorm\/"},"_links":{"self":[{"href":"https:\/\/serbenidorm.daliisolutions.com\/index.php\/wp-json\/wp\/v2\/posts\/2061","targetHints":{"allow":["GET"]}}],"collection":[{"href":"https:\/\/serbenidorm.daliisolutions.com\/index.php\/wp-json\/wp\/v2\/posts"}],"about":[{"href":"https:\/\/serbenidorm.daliisolutions.com\/index.php\/wp-json\/wp\/v2\/types\/post"}],"replies":[{"embeddable":true,"href":"https:\/\/serbenidorm.daliisolutions.com\/index.php\/wp-json\/wp\/v2\/comments?post=2061"}],"version-history":[{"count":0,"href":"https:\/\/serbenidorm.daliisolutions.com\/index.php\/wp-json\/wp\/v2\/posts\/2061\/revisions"}],"wp:featuredmedia":[{"embeddable":true,"href":"https:\/\/serbenidorm.daliisolutions.com\/index.php\/wp-json\/wp\/v2\/media\/2062"}],"wp:attachment":[{"href":"https:\/\/serbenidorm.daliisolutions.com\/index.php\/wp-json\/wp\/v2\/media?parent=2061"}],"wp:term":[{"taxonomy":"category","embeddable":true,"href":"https:\/\/serbenidorm.daliisolutions.com\/index.php\/wp-json\/wp\/v2\/categories?post=2061"},{"taxonomy":"post_tag","embeddable":true,"href":"https:\/\/serbenidorm.daliisolutions.com\/index.php\/wp-json\/wp\/v2\/tags?post=2061"}],"curies":[{"name":"wp","href":"https:\/\/api.w.org\/{rel}","templated":true}]}}