{"id":20614,"date":"2025-12-07T16:01:41","date_gmt":"2025-12-07T15:01:41","guid":{"rendered":"https:\/\/serbenidorm.daliisolutions.com\/index.php\/2025\/12\/07\/felipe-orts-suma-un-doblete-antes-de-la-gira-navidena\/"},"modified":"2025-12-07T16:01:41","modified_gmt":"2025-12-07T15:01:41","slug":"felipe-orts-suma-un-doblete-antes-de-la-gira-navidena","status":"publish","type":"post","link":"https:\/\/serbenidorm.daliisolutions.com\/index.php\/2025\/12\/07\/felipe-orts-suma-un-doblete-antes-de-la-gira-navidena\/","title":{"rendered":"Felipe Orts suma un doblete antes de la gira navide\u00f1a"},"content":{"rendered":" <p>Felipe Orts sigue sin encontrar rival en el ciclocross nacional. El ciclista de La Vila Joiosa, que ya anunci\u00f3 a principio de temporada su decisi\u00f3n de no tomar parte en las puntuables de la Copa del Mundo de Flamanville (Francia) y Terralba (Italia) modific\u00f3 lo que iban a ser dos fines de semana de descanso competitivo para a\u00f1adir a su calendario las dos \u00faltimas citas de la Copa de Espa\u00f1a, disputadas este fin de semana en X\u00e0tiva y Onteniente.<\/p>  <p>En ellas, Orts no encontr\u00f3 oposici\u00f3n para sumar un doblete que le hace afrontar la siempre importante gira navide\u00f1a en B\u00e9lgica con la moral por las nubes. En X\u00e0tiva, el mejor especialista espa\u00f1ol de todos los tiempos volvi\u00f3 a dominar en un circuito en el que, con la lograda el s\u00e1bado, suma cinco victorias en otras tantas apariciones como \u00e9lite.<\/p>  <p>El domingo, en Cocentaina, m\u00e1s de lo mismo. Ra\u00fal Mira fue el primer protagonista de la prueba, tomando ventaja desde la salida y con Felipe Orts compartiendo un segundo grupo con el belga Yorben Lauryssen y el espa\u00f1ol Kevin Su\u00e1rez. <\/p>  <p>Orts, incluso, sufri\u00f3 una ca\u00edda sin consecuencias en ese primer giro que le oblig\u00f3 a remontar posiciones, algo que hizo de forma muy r\u00e1pida aprovechando, adem\u00e1s, una ca\u00edda de Mira para encaramarse a la primera posici\u00f3n ya en la segunda vuelta.<\/p>  <p>A partir de ese momento, ya nada pudo parar el vilero que, en su debut en el circuito de Cocentaina, se alzaba con la que ya es su 52\u00aa victoria como profesional.<\/p> ","protected":false},"excerpt":{"rendered":"<p>El ciclista de La Vila Joiosa se impuso en las pruebas de la Copa de Espa\u00f1a de X\u00e0tiva y Cocentaina <\/p>\n","protected":false},"author":0,"featured_media":20615,"comment_status":"","ping_status":"open","sticky":false,"template":"","format":"standard","meta":{"_acf_changed":false,"footnotes":""},"categories":[16],"tags":[],"class_list":["post-20614","post","type-post","status-publish","format-standard","has-post-thumbnail","hentry","category-deportes"],"acf":{"ser_id":"AKLXQHEFUFHCNHVGQTQQON3VUI","ser_url":"https:\/\/cadenaser.com\/comunitat-valenciana\/2025\/12\/07\/felipe-orts-suma-un-doblete-antes-de-la-gira-navidena-radio-benidorm\/"},"_links":{"self":[{"href":"https:\/\/serbenidorm.daliisolutions.com\/index.php\/wp-json\/wp\/v2\/posts\/20614","targetHints":{"allow":["GET"]}}],"collection":[{"href":"https:\/\/serbenidorm.daliisolutions.com\/index.php\/wp-json\/wp\/v2\/posts"}],"about":[{"href":"https:\/\/serbenidorm.daliisolutions.com\/index.php\/wp-json\/wp\/v2\/types\/post"}],"replies":[{"embeddable":true,"href":"https:\/\/serbenidorm.daliisolutions.com\/index.php\/wp-json\/wp\/v2\/comments?post=20614"}],"version-history":[{"count":0,"href":"https:\/\/serbenidorm.daliisolutions.com\/index.php\/wp-json\/wp\/v2\/posts\/20614\/revisions"}],"wp:featuredmedia":[{"embeddable":true,"href":"https:\/\/serbenidorm.daliisolutions.com\/index.php\/wp-json\/wp\/v2\/media\/20615"}],"wp:attachment":[{"href":"https:\/\/serbenidorm.daliisolutions.com\/index.php\/wp-json\/wp\/v2\/media?parent=20614"}],"wp:term":[{"taxonomy":"category","embeddable":true,"href":"https:\/\/serbenidorm.daliisolutions.com\/index.php\/wp-json\/wp\/v2\/categories?post=20614"},{"taxonomy":"post_tag","embeddable":true,"href":"https:\/\/serbenidorm.daliisolutions.com\/index.php\/wp-json\/wp\/v2\/tags?post=20614"}],"curies":[{"name":"wp","href":"https:\/\/api.w.org\/{rel}","templated":true}]}}