{"id":20616,"date":"2025-12-07T17:34:17","date_gmt":"2025-12-07T16:34:17","guid":{"rendered":"https:\/\/serbenidorm.daliisolutions.com\/index.php\/2025\/12\/07\/la-nucia-vuelve-a-ganar-dos-meses-despues\/"},"modified":"2025-12-07T17:34:17","modified_gmt":"2025-12-07T16:34:17","slug":"la-nucia-vuelve-a-ganar-dos-meses-despues","status":"publish","type":"post","link":"https:\/\/serbenidorm.daliisolutions.com\/index.php\/2025\/12\/07\/la-nucia-vuelve-a-ganar-dos-meses-despues\/","title":{"rendered":"La Nuc\u00eda vuelve a ganar dos meses despu\u00e9s"},"content":{"rendered":" <p>Aunque La Nuc\u00eda comenzaba a dudarlo, todas las malas rachas tienen un final y la suya, que se ha extendido por m\u00e1s de dos meses, qued\u00f3 atr\u00e1s este s\u00e1bado en casa del H\u00e9rcules B, donde los de Vicente Mir se reencontraron con el triunfo tras imponerse por 1-3 al filial alicantino.<\/p>  <p>Las cosas no pudieron comenzar mejor para los rojillos, que se adelantaron en el primer minuto de juego gracias a un tempranero gol de Mauri. Esas buenas sensaciones quedaron en pausa despu\u00e9s de que los locales anotaran el 1-1 de penalti a trav\u00e9s de Pieter.<\/p>  <p>Por fortuna, Mauri volvi\u00f3 a aparecer apenas cuatro minutos despu\u00e9s para volver a poner por delante a La Nuc\u00eda. Antes de llegar al descanso, Juanca puso el 1-3 que acabar\u00eda siendo definitivo.<\/p>  <p>Gracias a ello, los rojillos han dado un enorme salto en la clasificaci\u00f3n situ\u00e1ndose en la novena plaza y a siete puntos de los puestos de promoci\u00f3n de ascenso.<\/p> ","protected":false},"excerpt":{"rendered":"<p>Los de Vicente Mir ven la luz tras imponerse en casa del H\u00e9rcules B<\/p>\n","protected":false},"author":0,"featured_media":20617,"comment_status":"","ping_status":"open","sticky":false,"template":"","format":"standard","meta":{"_acf_changed":false,"footnotes":""},"categories":[16],"tags":[],"class_list":["post-20616","post","type-post","status-publish","format-standard","has-post-thumbnail","hentry","category-deportes"],"acf":{"ser_id":"GCL43QG6MNEOLPISGOHCDKHBYQ","ser_url":"https:\/\/cadenaser.com\/comunitat-valenciana\/2025\/12\/07\/la-nucia-vuelve-a-ganar-dos-meses-despues-radio-benidorm\/"},"_links":{"self":[{"href":"https:\/\/serbenidorm.daliisolutions.com\/index.php\/wp-json\/wp\/v2\/posts\/20616","targetHints":{"allow":["GET"]}}],"collection":[{"href":"https:\/\/serbenidorm.daliisolutions.com\/index.php\/wp-json\/wp\/v2\/posts"}],"about":[{"href":"https:\/\/serbenidorm.daliisolutions.com\/index.php\/wp-json\/wp\/v2\/types\/post"}],"replies":[{"embeddable":true,"href":"https:\/\/serbenidorm.daliisolutions.com\/index.php\/wp-json\/wp\/v2\/comments?post=20616"}],"version-history":[{"count":0,"href":"https:\/\/serbenidorm.daliisolutions.com\/index.php\/wp-json\/wp\/v2\/posts\/20616\/revisions"}],"wp:featuredmedia":[{"embeddable":true,"href":"https:\/\/serbenidorm.daliisolutions.com\/index.php\/wp-json\/wp\/v2\/media\/20617"}],"wp:attachment":[{"href":"https:\/\/serbenidorm.daliisolutions.com\/index.php\/wp-json\/wp\/v2\/media?parent=20616"}],"wp:term":[{"taxonomy":"category","embeddable":true,"href":"https:\/\/serbenidorm.daliisolutions.com\/index.php\/wp-json\/wp\/v2\/categories?post=20616"},{"taxonomy":"post_tag","embeddable":true,"href":"https:\/\/serbenidorm.daliisolutions.com\/index.php\/wp-json\/wp\/v2\/tags?post=20616"}],"curies":[{"name":"wp","href":"https:\/\/api.w.org\/{rel}","templated":true}]}}