{"id":20649,"date":"2025-12-09T15:59:20","date_gmt":"2025-12-09T14:59:20","guid":{"rendered":"https:\/\/serbenidorm.daliisolutions.com\/index.php\/2025\/12\/09\/la-hosteleria-de-benidorm-cierra-2025-con-un-4-mas-de-facturacion-pese-al-freno-en-los-precios\/"},"modified":"2025-12-09T15:59:20","modified_gmt":"2025-12-09T14:59:20","slug":"la-hosteleria-de-benidorm-cierra-2025-con-un-4-mas-de-facturacion-pese-al-freno-en-los-precios","status":"publish","type":"post","link":"https:\/\/serbenidorm.daliisolutions.com\/index.php\/2025\/12\/09\/la-hosteleria-de-benidorm-cierra-2025-con-un-4-mas-de-facturacion-pese-al-freno-en-los-precios\/","title":{"rendered":"La hosteler\u00eda de Benidorm cierra 2025 con un 4% m\u00e1s de facturaci\u00f3n pese al freno en los precios"},"content":{"rendered":" <p>La Asociaci\u00f3n de Bares, Restaurantes y Cafeter\u00edas de Benidorm y Comarca (ABRECA) asegura que este 2025 ha sido \u00abpositivo\u00bb para la hosteler\u00eda local. Seg\u00fan su portavoz, \u00c1lex Fratini, el sector ha conseguido igualar en la mayor\u00eda de zonas de la ciudad e incluso, en momentos puntuales, superar en un 4% la facturaci\u00f3n de 2024, un a\u00f1o que \u00abya fue excepcional para la ciudad\u00bb.<\/p>  <p>En <a href=\"https:\/\/radiobenidorm.es\" target=\"_blank\" rel=\"nofollow\" title=\"https:\/\/radiobenidorm.es\">Hoy por Hoy Benidorm<\/a>, la gerente de ABRECA, Irene Carre\u00f1o, y el portavoz del colectivo, Alex Fratini, han explicado que la estabilidad del clima, la elevada afluencia tur\u00edstica y el calendario de eventos \u00abhan sido claves para mantener el pulso econ\u00f3mico\u00bb.<\/p>  <p>Este crecimiento se ha concentrado especialmente en las zonas m\u00e1s tur\u00edsticas donde se ha registrado el mayor dinamismo. Aun as\u00ed, la asociaci\u00f3n reconoce que el aumento de los precios aplicado durante 2025 fue muy contenido: solo entre un 2 y un 2,5%, a pesar de que los proveedores elevaron sus tarifas en torno a un 6%. Ese diferencial, explican, \u00abha reducido la rentabilidad de los negocios\u00bb.<\/p>  <p>La clientela local tambi\u00e9n ha respondido de forma positiva, manteniendo sus niveles de consumo incluso en los meses m\u00e1s irregulares. La recuperaci\u00f3n de noviembre y la fortaleza de eventos como la Fancy Dress, el medio marat\u00f3n o el Mundial de Ciclocross han contribuido a sostener la actividad durante los per\u00edodos tradicionalmente m\u00e1s flojos, que cada vez se diluyen m\u00e1s en el calendario.<\/p>  <p>De hecho, la recta final de 2025 se ha comportado, en palabras de los portavoces de ABRECA, \u00abde manera excelente para el sector\u00bb. Los fines de semana previos a la Navidad han sido \u201cfant\u00e1sticos\u201d, seg\u00fan Fratini, y las cenas de empresa volver\u00e1n a llenar los locales m\u00e1s grandes antes de que arranque, el 22 de diciembre, la campa\u00f1a navide\u00f1a impulsada por la alta ocupaci\u00f3n hotelera prevista.<\/p>  <p>Para ABRECA, 2025 tambi\u00e9n ha sido un a\u00f1o hist\u00f3rico como colectivo: la asociaci\u00f3n celebra su 40 aniversario con un crecimiento notable, sumando 80 nuevos asociados. Adem\u00e1s, han consolidado nuevas acciones como la jornada Menjars del Nostre Poble, destinada a poner en valor la gastronom\u00eda tradicional, y preparan nuevos proyectos para reforzar la actividad en la zona inglesa y potenciar el arranque de la temporada 2026.<\/p>  <p>Mirando al pr\u00f3ximo a\u00f1o, ABRECA conf\u00eda en que Benidorm siga batiendo r\u00e9cords gracias a la suma de eventos, la apuesta institucional y el atractivo tur\u00edstico de la ciudad. Con citas como el Benidorm Fest, San Patricio, el Gay Pride, la Fancy Dress o una nueva programaci\u00f3n de conciertos, la asociaci\u00f3n espera mantener el impulso y reforzar la imagen de Benidorm como destino capaz de atraer a todos los p\u00fablicos.<\/p> ","protected":false},"excerpt":{"rendered":"<p>ABRECA reconoce p\u00e9rdida de rentabilidad tras subir precios s\u00f3lo un 2\u20132,5% frente al 6% de incremento de costes<\/p>\n","protected":false},"author":0,"featured_media":20650,"comment_status":"","ping_status":"open","sticky":false,"template":"","format":"standard","meta":{"_acf_changed":false,"footnotes":""},"categories":[1],"tags":[],"class_list":["post-20649","post","type-post","status-publish","format-standard","has-post-thumbnail","hentry","category-sin-categoria"],"acf":{"ser_id":"UGASWVCOHZAS7FCBC62MXIUCAI","ser_url":"https:\/\/cadenaser.com\/comunitat-valenciana\/2025\/12\/09\/la-hosteleria-de-benidorm-cierra-2025-con-un-4-mas-de-facturacion-pese-al-freno-en-los-precios-radio-benidorm\/"},"_links":{"self":[{"href":"https:\/\/serbenidorm.daliisolutions.com\/index.php\/wp-json\/wp\/v2\/posts\/20649","targetHints":{"allow":["GET"]}}],"collection":[{"href":"https:\/\/serbenidorm.daliisolutions.com\/index.php\/wp-json\/wp\/v2\/posts"}],"about":[{"href":"https:\/\/serbenidorm.daliisolutions.com\/index.php\/wp-json\/wp\/v2\/types\/post"}],"replies":[{"embeddable":true,"href":"https:\/\/serbenidorm.daliisolutions.com\/index.php\/wp-json\/wp\/v2\/comments?post=20649"}],"version-history":[{"count":0,"href":"https:\/\/serbenidorm.daliisolutions.com\/index.php\/wp-json\/wp\/v2\/posts\/20649\/revisions"}],"wp:featuredmedia":[{"embeddable":true,"href":"https:\/\/serbenidorm.daliisolutions.com\/index.php\/wp-json\/wp\/v2\/media\/20650"}],"wp:attachment":[{"href":"https:\/\/serbenidorm.daliisolutions.com\/index.php\/wp-json\/wp\/v2\/media?parent=20649"}],"wp:term":[{"taxonomy":"category","embeddable":true,"href":"https:\/\/serbenidorm.daliisolutions.com\/index.php\/wp-json\/wp\/v2\/categories?post=20649"},{"taxonomy":"post_tag","embeddable":true,"href":"https:\/\/serbenidorm.daliisolutions.com\/index.php\/wp-json\/wp\/v2\/tags?post=20649"}],"curies":[{"name":"wp","href":"https:\/\/api.w.org\/{rel}","templated":true}]}}