{"id":20651,"date":"2025-12-09T15:59:22","date_gmt":"2025-12-09T14:59:22","guid":{"rendered":"https:\/\/serbenidorm.daliisolutions.com\/index.php\/2025\/12\/09\/el-alcalde-de-benidorm-descarta-que-la-zona-de-bajas-emisiones-este-detras-de-la-caida-de-ventas-del-comercio-local\/"},"modified":"2025-12-09T15:59:22","modified_gmt":"2025-12-09T14:59:22","slug":"el-alcalde-de-benidorm-descarta-que-la-zona-de-bajas-emisiones-este-detras-de-la-caida-de-ventas-del-comercio-local","status":"publish","type":"post","link":"https:\/\/serbenidorm.daliisolutions.com\/index.php\/2025\/12\/09\/el-alcalde-de-benidorm-descarta-que-la-zona-de-bajas-emisiones-este-detras-de-la-caida-de-ventas-del-comercio-local\/","title":{"rendered":"El alcalde de Benidorm descarta que la Zona de Bajas Emisiones est\u00e9 detr\u00e1s de la ca\u00edda de ventas del comercio local"},"content":{"rendered":" <p>El alcalde de Benidorm desmiente a los comerciantes. Toni P\u00e9rez niega que la Zona de Bajas Emisiones est\u00e9 detr\u00e1s de los \u00faltimos descensos de facturaci\u00f3n del comercio local en base a los datos municipales de entrada de veh\u00edculos a la almendra central.<\/p>  <p>La semana pasada <a href=\"https:\/\/cadenaser.com\/comunitat-valenciana\/2025\/12\/04\/el-comercio-de-benidorm-atribuye-uno-de-sus-peores-anos-al-calor-y-la-zona-de-bajas-emisiones-radio-benidorm\/\" target=\"_blank\" rel=\"nofollow\" title=\"https:\/\/cadenaser.com\/comunitat-valenciana\/2025\/12\/04\/el-comercio-de-benidorm-atribuye-uno-de-sus-peores-anos-al-calor-y-la-zona-de-bajas-emisiones-radio-benidorm\/\">la Asociaci\u00f3n Independiente de Comerciantes de Benidorm, AICO, atribuy\u00f3 en Radio Benidorm al calor y la zona de bajas emisiones -en vigor desde julio- la reducci\u00f3n de las ventas que en verano lleg\u00f3 hasta el 50%<\/a>.<\/p>  <p>No obstante el primer edil asegura que este a\u00f1o han entrado m\u00e1s coches que nunca al centro de la capital tur\u00edstica: \u00abEn un momento en el que est\u00e1 entrando al centro de Benidorm el mayor n\u00famero de veh\u00edculos como comprobamos en nuestros aparcamientos p\u00fablicos y privados el comercio dice que uno de los motivos de su ca\u00edda de ventas es la Zona de Bajas Emisiones\u00bb.<\/p>  <p>P\u00e9rez apunta que han compartido este balance con el sector comercial y a\u00f1ade: \u00abValoraremos el periodo de Navidad, este puente ha habido una ocupaci\u00f3n extraordinaria y este dato permitir\u00e1 configurar un relato m\u00e1s ajustado a la realidad\u00bb.<\/p>  <p>\u00abVamos a cerrar un a\u00f1o con n\u00fameros muy buenos\u00bb, ha insistido precisamente durante la presentaci\u00f3n, este martes de la nueva oficina de innovaci\u00f3n tur\u00edstica (BeCity) en el edificio municipal del Torrej\u00f3.<\/p>  <p>\u00abLa implantaci\u00f3n de la zona de bajas emisiones ha restado much\u00edsimo, ha dado miedo a la gente de otras poblaciones a bajar a la ciudad\u00bb, declar\u00f3 en su momento el presidente de AICO Ra\u00fal Parra. Para contrarrestar este temor, los comercios han lanzado campa\u00f1as informativas sobre aparcamientos y zonas permitidas.<\/p> ","protected":false},"excerpt":{"rendered":"<p>Toni P\u00e9rez: \u00abSi est\u00e1n entrando m\u00e1s coches que nunca no ser\u00e1 este el motivo\u00bb<\/p>\n","protected":false},"author":0,"featured_media":20652,"comment_status":"","ping_status":"open","sticky":false,"template":"","format":"standard","meta":{"_acf_changed":false,"footnotes":""},"categories":[1],"tags":[],"class_list":["post-20651","post","type-post","status-publish","format-standard","has-post-thumbnail","hentry","category-sin-categoria"],"acf":{"ser_id":"63NZFBSRWRBMVPNYQT6WOFYHO4","ser_url":"https:\/\/cadenaser.com\/comunitat-valenciana\/2025\/12\/09\/el-alcalde-de-benidorm-descarta-que-la-zona-de-bajas-emisiones-este-detras-de-la-caida-de-ventas-del-comercio-local-radio-benidorm\/"},"_links":{"self":[{"href":"https:\/\/serbenidorm.daliisolutions.com\/index.php\/wp-json\/wp\/v2\/posts\/20651","targetHints":{"allow":["GET"]}}],"collection":[{"href":"https:\/\/serbenidorm.daliisolutions.com\/index.php\/wp-json\/wp\/v2\/posts"}],"about":[{"href":"https:\/\/serbenidorm.daliisolutions.com\/index.php\/wp-json\/wp\/v2\/types\/post"}],"replies":[{"embeddable":true,"href":"https:\/\/serbenidorm.daliisolutions.com\/index.php\/wp-json\/wp\/v2\/comments?post=20651"}],"version-history":[{"count":0,"href":"https:\/\/serbenidorm.daliisolutions.com\/index.php\/wp-json\/wp\/v2\/posts\/20651\/revisions"}],"wp:featuredmedia":[{"embeddable":true,"href":"https:\/\/serbenidorm.daliisolutions.com\/index.php\/wp-json\/wp\/v2\/media\/20652"}],"wp:attachment":[{"href":"https:\/\/serbenidorm.daliisolutions.com\/index.php\/wp-json\/wp\/v2\/media?parent=20651"}],"wp:term":[{"taxonomy":"category","embeddable":true,"href":"https:\/\/serbenidorm.daliisolutions.com\/index.php\/wp-json\/wp\/v2\/categories?post=20651"},{"taxonomy":"post_tag","embeddable":true,"href":"https:\/\/serbenidorm.daliisolutions.com\/index.php\/wp-json\/wp\/v2\/tags?post=20651"}],"curies":[{"name":"wp","href":"https:\/\/api.w.org\/{rel}","templated":true}]}}