{"id":20655,"date":"2025-12-09T15:59:22","date_gmt":"2025-12-09T14:59:22","guid":{"rendered":"https:\/\/serbenidorm.daliisolutions.com\/index.php\/2025\/12\/09\/benidorm-abre-las-puertas-de-su-nuevo-laboratorio-turistico\/"},"modified":"2025-12-09T15:59:22","modified_gmt":"2025-12-09T14:59:22","slug":"benidorm-abre-las-puertas-de-su-nuevo-laboratorio-turistico","status":"publish","type":"post","link":"https:\/\/serbenidorm.daliisolutions.com\/index.php\/2025\/12\/09\/benidorm-abre-las-puertas-de-su-nuevo-laboratorio-turistico\/","title":{"rendered":"Benidorm abre las puertas de su nuevo laboratorio tur\u00edstico"},"content":{"rendered":" <p>El Ayuntamiento de Benidorm ha abierto este martes en el Centre Municipal El Torrej\u00f3 las puertas del hub BeCiti, un centro pionero en el campo de la innovaci\u00f3n tur\u00edstica inteligente impulsado por el Consistorio con el objetivo de promover la transformaci\u00f3n del sector del turismo desde la sostenibilidad, la tecnolog\u00eda y la inteligencia colaborativa. <\/p>  <p>El alcalde Toni P\u00e9rez ha recordado que el hub BeCiti \u2013Benidorm Centro de Innovaci\u00f3n Tur\u00edstica Inteligente\u2013 inici\u00f3 su andadura hace ahora seis meses y ha avanzado que cuenta ya con una veintena de empresas e instituciones interesadas en colaborar, cuyos convenios se materializar\u00e1n en breve, para desarrollar conjuntamente proyectos, estudios y soluciones tecnol\u00f3gicas que puedan testarse en la ciudad antes de implementarse en otros destinos. <\/p>  <p>Por ello, el primer edil ha destacado que este nuevo espacio va a ser un \u201cfoco de atracci\u00f3n de talento y de generaci\u00f3n de ideas que posibiliten a los destinos y al sector tur\u00edstico ser m\u00e1s competitivos y m\u00e1s sostenibles\u201d y que con \u00e9l, a su vez, \u201cdamos un salto cuantitativo y cualitativo al trabajo que ya ven\u00edamos haciendo desde el a\u00f1o 2015, cuando decidimos que Benidorm necesitaba recuperar su reputaci\u00f3n tur\u00edstica y dise\u00f1amos una hoja de ruta que dio como resultado nuestra certificaci\u00f3n como primer destino tur\u00edstico inteligente del mundo y, a partir de ah\u00ed, todo lo que ha venido despu\u00e9s\u201d. <\/p>  <p>\u201cContinuamos en ese camino del Benidorm DTI con la vista puesta, tambi\u00e9n, en reforzar la cogobernanza y esa colaboraci\u00f3n p\u00fablico-privada que nos marca el ODS n\u00famero 17\u201d, ha manifestado el primer edil, \u201cpara para seguir siendo vanguardia y referencia en materia tur\u00edstica en digitalizaci\u00f3n, en sostenibilidad, en accesibilidad y en innovaci\u00f3n\u201d. No en vano, el centro ofrecer\u00e1 un espacio de trabajo abierto a \u2018startups\u2019, empresas, instituciones, centros de estudio y ciudadan\u00eda, y adem\u00e1s va a estar alineado con el proyecto nacional de la Plataforma Inteligente de Destinos (PID), impulsada por Segittur y que va a tener su sede en Benidorm, y tambi\u00e9n con la Plataforma de Innovaci\u00f3n Abierta (PIA), planteada por este mismo organismo estatal y que tambi\u00e9n estar\u00e1 alojada en nuestra ciudad.<\/p>  <p>Sobre su implantaci\u00f3n en el edificio de El Torrej\u00f3, el primer edil tambi\u00e9n ha destacado que este proyecto \u201cculmina un sue\u00f1o que empezamos a materializar hace casi veinte a\u00f1os, que era convertir el antiguo ayuntamiento del Torrej\u00f3 en un gran centro al servicio del turismo\u201d aglutinando en un mismo espacio \u201cnuestra oficina central de informaci\u00f3n tur\u00edstica y tambi\u00e9n las dependencias del departamento municipal de Turismo y de Visit Benidorm, a las que ahora se suma este hub de innovaci\u00f3n\u201d. <\/p>  <p>Para desarrollar sus objetivos, va a contar con una plantilla de cinco t\u00e9cnicos especializados en distintas ramas relacionadas con la tecnolog\u00eda, los datos y la innovaci\u00f3n, y cuya labor se va a ver completada con la del personal que presta servicio en la Smart Office y en otros departamentos municipales y empresas colaboradoras con las que se vayan a desarrollar proyectos o soluciones tecnol\u00f3gicas determinadas. <\/p> ","protected":false},"excerpt":{"rendered":"<p>El centro se ubica en el edificio municipal de El Torrej\u00f3, como un espacio abierto a \u2018startups\u2019, empresas, instituciones y ciudadan\u00eda<\/p>\n","protected":false},"author":0,"featured_media":20656,"comment_status":"","ping_status":"open","sticky":false,"template":"","format":"standard","meta":{"_acf_changed":false,"footnotes":""},"categories":[1],"tags":[],"class_list":["post-20655","post","type-post","status-publish","format-standard","has-post-thumbnail","hentry","category-sin-categoria"],"acf":{"ser_id":"Z2F2O74HURCSFDGFNOIRBQTTTQ","ser_url":"https:\/\/cadenaser.com\/comunitat-valenciana\/2025\/12\/09\/benidorm-abre-las-puertas-de-su-nuevo-laboratorio-turistico-radio-benidorm\/"},"_links":{"self":[{"href":"https:\/\/serbenidorm.daliisolutions.com\/index.php\/wp-json\/wp\/v2\/posts\/20655","targetHints":{"allow":["GET"]}}],"collection":[{"href":"https:\/\/serbenidorm.daliisolutions.com\/index.php\/wp-json\/wp\/v2\/posts"}],"about":[{"href":"https:\/\/serbenidorm.daliisolutions.com\/index.php\/wp-json\/wp\/v2\/types\/post"}],"replies":[{"embeddable":true,"href":"https:\/\/serbenidorm.daliisolutions.com\/index.php\/wp-json\/wp\/v2\/comments?post=20655"}],"version-history":[{"count":0,"href":"https:\/\/serbenidorm.daliisolutions.com\/index.php\/wp-json\/wp\/v2\/posts\/20655\/revisions"}],"wp:featuredmedia":[{"embeddable":true,"href":"https:\/\/serbenidorm.daliisolutions.com\/index.php\/wp-json\/wp\/v2\/media\/20656"}],"wp:attachment":[{"href":"https:\/\/serbenidorm.daliisolutions.com\/index.php\/wp-json\/wp\/v2\/media?parent=20655"}],"wp:term":[{"taxonomy":"category","embeddable":true,"href":"https:\/\/serbenidorm.daliisolutions.com\/index.php\/wp-json\/wp\/v2\/categories?post=20655"},{"taxonomy":"post_tag","embeddable":true,"href":"https:\/\/serbenidorm.daliisolutions.com\/index.php\/wp-json\/wp\/v2\/tags?post=20655"}],"curies":[{"name":"wp","href":"https:\/\/api.w.org\/{rel}","templated":true}]}}