{"id":20673,"date":"2025-12-09T17:58:08","date_gmt":"2025-12-09T16:58:08","guid":{"rendered":"https:\/\/serbenidorm.daliisolutions.com\/index.php\/2025\/12\/09\/giro-en-el-caso-enchufes-de-benidorm-excluyen-a-cinco-de-los-ocho-acusados-y-anulan-parte-de-la-instruccion\/"},"modified":"2025-12-09T17:58:08","modified_gmt":"2025-12-09T16:58:08","slug":"giro-en-el-caso-enchufes-de-benidorm-excluyen-a-cinco-de-los-ocho-acusados-y-anulan-parte-de-la-instruccion","status":"publish","type":"post","link":"https:\/\/serbenidorm.daliisolutions.com\/index.php\/2025\/12\/09\/giro-en-el-caso-enchufes-de-benidorm-excluyen-a-cinco-de-los-ocho-acusados-y-anulan-parte-de-la-instruccion\/","title":{"rendered":"Giro en el &#8216;Caso Enchufes&#8217; de Benidorm: excluyen a cinco de los ocho acusados y anulan parte de la instrucci\u00f3n"},"content":{"rendered":" <p>El tribunal de la Secci\u00f3n Segunda de la Audiencia de Alicante que asume la causa sobre el denominado \u2018caso enchufes\u2019 por las supuestas anomal\u00edas en la contrataci\u00f3n de personal registradas en el Ayuntamiento de Benidorm entre finales de 2009 y 2012 ha resuelto este martes las cuestiones planteadas por las defensas y ha estimado dejar sin efecto las diligencias practicadas a partir del 6 de diciembre de 2017.<\/p>  <p>La sala ha considerado que el auto judicial posterior a esa fecha, por el que se prorrog\u00f3 la instrucci\u00f3n a instancias de la petici\u00f3n cursada por la Fiscal\u00eda, se acord\u00f3 una vez vencido el plazo debido para hacerlo.<\/p>  <p><a href=\"https:\/\/cadenaser.com\/tag\/benidorm\/a\/\" target=\"_blank\" rel=\"nofollow\" title=\"https:\/\/cadenaser.com\/tag\/benidorm\/a\/\">La decisi\u00f3n de los magistrados supone, en la pr\u00e1ctica, la absoluci\u00f3n de cinco de los ocho encausados, seg\u00fan han apuntado fuentes jur\u00eddicas, entre ellos a la exconcejal socialista Natalia Guijarro<\/a> y otros cuatro t\u00e9cnicos municipales.<\/p>  <p>As\u00ed el juicio proseguir\u00e1 a partir de ahora s\u00f3lo contra el tambi\u00e9n exregidor socialista Juan Ram\u00f3n Mart\u00ednez, contra el t\u00e9cnico que ejerc\u00eda como coordinador del \u00e1rea de Recursos Humanos y contra la funcionaria que asum\u00eda la jefatura de ese departamento.<\/p>  <p>Adem\u00e1s, la sala tambi\u00e9n ha estimado otra de las cuestiones previas planteadas por las defensas y ha resuelto que el sindicato SPPL -el que registr\u00f3 la denuncia origen de las diligencias- no podr\u00e1 continuar en el proceso ejerciendo la acusaci\u00f3n particular sino que, en todo caso, podr\u00eda continuar personada ejerciendo la acci\u00f3n popular, lo que supone que deba aportar fianza. <\/p>  <p>Eso s\u00ed, se trata de resoluciones sujetas a posible recurso en el momento en el que concluya el juicio y se produzca el dictado de la correspondiente sentencia, seg\u00fan han subrayado las mismas fuentes.<\/p>  <p>Una vez resueltas las cuestiones previas planteadas por las defensas, el juicio debe proseguir a partir de ahora en una fecha todav\u00eda por concretar con la declaraci\u00f3n de los testigos, los peritos y los acusados.<\/p>  <p>La causa se sigue por las supuestas irregularidades en la contrataci\u00f3n de trabajadores municipales vulnerando los l\u00edmites a la ampliaci\u00f3n de plantillas p\u00fablicas instauradas por el Gobierno en los a\u00f1os de los hechos.<\/p>  <p>La Fiscal\u00eda solicitaba inicialmente penas individuales de seis a\u00f1os y medio de prisi\u00f3n y quince a\u00f1os y medio de inhabilitaci\u00f3n para los ocho procesados contra los que se dirig\u00eda el juicio hasta ahora.<\/p>  <p>Les consideraba responsables de los delitos continuados de prevaricaci\u00f3n administrativa, malversaci\u00f3n y tr\u00e1fico de influencias tras mantener que infringieron la normativa respecto del n\u00famero de empleados municipales de los que deb\u00eda disponer el consistorio (la denominada tasa de reposici\u00f3n) al aprobar una Relaci\u00f3n de Puestos de Trabajo (RPT) que incumpl\u00eda ese l\u00edmite m\u00e1ximo de contrataciones.<\/p>  <p>Adem\u00e1s, tambi\u00e9n sosten\u00eda que aumentaron los complementos salariales que deb\u00edan recibir los empleados, lo que supuso un aumento desproporcionado de la masa salarial que deb\u00edan pagar las arcas municipales.<\/p>  <p>En su conjunto, seg\u00fan la acusaci\u00f3n p\u00fablica, ese proceder propici\u00f3 que se llegase a tramitar 130 contratos temporales y que se mejorasen las condiciones de 43 trabajadores con un gasto adicional de 4,5 millones de euros, seg\u00fan las denuncias iniciales, presentadas por el sindicato SPPL. <\/p>  <p><\/p>  <p><\/p>  <p><\/p>  <p><\/p> ","protected":false},"excerpt":{"rendered":"<p>El juicio seguir\u00e1 contra el exconcejal socialista Juan Ram\u00f3n Mart\u00ednez y los entonces coordinador y jefa de Recursos Humanos<\/p>\n","protected":false},"author":0,"featured_media":20674,"comment_status":"","ping_status":"open","sticky":false,"template":"","format":"standard","meta":{"_acf_changed":false,"footnotes":""},"categories":[1],"tags":[],"class_list":["post-20673","post","type-post","status-publish","format-standard","has-post-thumbnail","hentry","category-sin-categoria"],"acf":{"ser_id":"V67P3FOZ6VH6ZHZPT72ZCG6LMQ","ser_url":"https:\/\/cadenaser.com\/comunitat-valenciana\/2025\/12\/09\/giro-en-el-caso-enchufes-de-benidorm-excluyen-a-cinco-de-los-ocho-acusados-y-anulan-parte-de-la-instruccion-radio-benidorm\/"},"_links":{"self":[{"href":"https:\/\/serbenidorm.daliisolutions.com\/index.php\/wp-json\/wp\/v2\/posts\/20673","targetHints":{"allow":["GET"]}}],"collection":[{"href":"https:\/\/serbenidorm.daliisolutions.com\/index.php\/wp-json\/wp\/v2\/posts"}],"about":[{"href":"https:\/\/serbenidorm.daliisolutions.com\/index.php\/wp-json\/wp\/v2\/types\/post"}],"replies":[{"embeddable":true,"href":"https:\/\/serbenidorm.daliisolutions.com\/index.php\/wp-json\/wp\/v2\/comments?post=20673"}],"version-history":[{"count":0,"href":"https:\/\/serbenidorm.daliisolutions.com\/index.php\/wp-json\/wp\/v2\/posts\/20673\/revisions"}],"wp:featuredmedia":[{"embeddable":true,"href":"https:\/\/serbenidorm.daliisolutions.com\/index.php\/wp-json\/wp\/v2\/media\/20674"}],"wp:attachment":[{"href":"https:\/\/serbenidorm.daliisolutions.com\/index.php\/wp-json\/wp\/v2\/media?parent=20673"}],"wp:term":[{"taxonomy":"category","embeddable":true,"href":"https:\/\/serbenidorm.daliisolutions.com\/index.php\/wp-json\/wp\/v2\/categories?post=20673"},{"taxonomy":"post_tag","embeddable":true,"href":"https:\/\/serbenidorm.daliisolutions.com\/index.php\/wp-json\/wp\/v2\/tags?post=20673"}],"curies":[{"name":"wp","href":"https:\/\/api.w.org\/{rel}","templated":true}]}}