{"id":2068,"date":"2024-02-06T14:02:59","date_gmt":"2024-02-06T13:02:59","guid":{"rendered":"https:\/\/serbenidorm.daliisolutions.com\/index.php\/2024\/02\/06\/el-mejor-btt-se-cita-este-fin-de-semana-en-la-nucia\/"},"modified":"2024-02-06T14:02:59","modified_gmt":"2024-02-06T13:02:59","slug":"el-mejor-btt-se-cita-este-fin-de-semana-en-la-nucia","status":"publish","type":"post","link":"https:\/\/serbenidorm.daliisolutions.com\/index.php\/2024\/02\/06\/el-mejor-btt-se-cita-este-fin-de-semana-en-la-nucia\/","title":{"rendered":"El mejor BTT se cita este fin de semana en La Nuc\u00eda"},"content":{"rendered":"  <p>Benidorm<\/p>   <p>Que la Marina Baixa es un para\u00edso ciclista, especialmente en los meses de invierno, no es ninguna novedad. Hasta esta comarca se desplazan cada a\u00f1o los mejores corredores y equipos para realizar sus concentraciones invernales entre los meses de diciembre y enero para preparar una temporada que, adem\u00e1s, cuenta en las carreteras de la regi\u00f3n con algunas de las m\u00e1s importantes pruebas del arranque del a\u00f1o.<\/p>   <p>As\u00ed, la recientemente disputada Cl\u00e0ssica Comunitat Valenciana-1969 supone, desde su regreso al calendario, la apertura oficial de pruebas internacionales en suelo europeo, que tambi\u00e9n cuenta en la zona con la Volta a la Comunitat Valenciana de categor\u00eda masculina y femenina o la Setmana Valenciana femenina.<\/p>   <p>Todo ello, centrados \u00fanicamente en las pruebas de carretera. A ellas, claro, hay que sumar la Copa del Mundo de ciclocross de Benidorm o la Supercup Massi de bicicleta de monta\u00f1a, que visitar\u00e1 La Nuc\u00eda el pr\u00f3ximo fin de semana en una de las primeras grandes citas del a\u00f1o en la especialidad.<\/p>   <p>La carrera nuciera contar\u00e1, entre otros, con los actuales campeones del mundo de la especialidad: Tom Pidcock (tambi\u00e9n vigente campe\u00f3n ol\u00edmpico) y Pauline Ferrand-Pr\u00e9vot (que tambi\u00e9n ha sido campeona del mundo en ruta, ciclocross y gravel).<\/p>   <p>Junto a ellos, y en la categor\u00eda masculina, la Supercup Massi de La Nuc\u00eda tambi\u00e9n tendr\u00e1 en la l\u00ednea de salida a Sam Gaze, Sebastian Fini, David Valero, David Campos, Ondrej Cink o Maxime Marot, que encabezan el grupo de favoritos para la prueba en una parrilla digna de Copa del Mundo.<\/p>   <p>En cuanto a las f\u00e9minas, las m\u00e1s destacadas ser\u00e1n, adem\u00e1s de la ya mencionada Ferrand Pr\u00e9vot, Raquel Queiros, Marta Cano o Savilia Blunk.<\/p>   <p>Adem\u00e1s, este a\u00f1o se estrenar\u00e1 nuevo circuito en La Nuc\u00eda en un emplazamiento cercano al de la anterior edici\u00f3n. Ser\u00e1, seg\u00fan los expertos, un trazado muy divertido, variado y t\u00e9cnico.<\/p> ","protected":false},"excerpt":{"rendered":"<p>Tom Pidcock y Pauline Ferrand-Pr\u00e9vot lucir\u00e1n sus maillots arco\u00edris en el renovado circuito nuciero<\/p>\n","protected":false},"author":0,"featured_media":2069,"comment_status":"open","ping_status":"open","sticky":false,"template":"","format":"standard","meta":{"_acf_changed":false,"footnotes":""},"categories":[16],"tags":[],"class_list":["post-2068","post","type-post","status-publish","format-standard","has-post-thumbnail","hentry","category-deportes"],"acf":{"ser_id":"7VUAYIAI5FBI3HRUOKEBDJCQLI","ser_url":"https:\/\/cadenaser.com\/comunitat-valenciana\/2024\/02\/06\/el-mejor-btt-se-cita-este-fin-de-semana-en-la-nucia-radio-benidorm\/"},"_links":{"self":[{"href":"https:\/\/serbenidorm.daliisolutions.com\/index.php\/wp-json\/wp\/v2\/posts\/2068","targetHints":{"allow":["GET"]}}],"collection":[{"href":"https:\/\/serbenidorm.daliisolutions.com\/index.php\/wp-json\/wp\/v2\/posts"}],"about":[{"href":"https:\/\/serbenidorm.daliisolutions.com\/index.php\/wp-json\/wp\/v2\/types\/post"}],"replies":[{"embeddable":true,"href":"https:\/\/serbenidorm.daliisolutions.com\/index.php\/wp-json\/wp\/v2\/comments?post=2068"}],"version-history":[{"count":0,"href":"https:\/\/serbenidorm.daliisolutions.com\/index.php\/wp-json\/wp\/v2\/posts\/2068\/revisions"}],"wp:featuredmedia":[{"embeddable":true,"href":"https:\/\/serbenidorm.daliisolutions.com\/index.php\/wp-json\/wp\/v2\/media\/2069"}],"wp:attachment":[{"href":"https:\/\/serbenidorm.daliisolutions.com\/index.php\/wp-json\/wp\/v2\/media?parent=2068"}],"wp:term":[{"taxonomy":"category","embeddable":true,"href":"https:\/\/serbenidorm.daliisolutions.com\/index.php\/wp-json\/wp\/v2\/categories?post=2068"},{"taxonomy":"post_tag","embeddable":true,"href":"https:\/\/serbenidorm.daliisolutions.com\/index.php\/wp-json\/wp\/v2\/tags?post=2068"}],"curies":[{"name":"wp","href":"https:\/\/api.w.org\/{rel}","templated":true}]}}