{"id":20689,"date":"2025-12-10T11:14:54","date_gmt":"2025-12-10T10:14:54","guid":{"rendered":"https:\/\/serbenidorm.daliisolutions.com\/index.php\/2025\/12\/10\/radio-benidorm-lider-indiscutible-en-la-marina-baixa\/"},"modified":"2025-12-10T11:14:54","modified_gmt":"2025-12-10T10:14:54","slug":"radio-benidorm-lider-indiscutible-en-la-marina-baixa","status":"publish","type":"post","link":"https:\/\/serbenidorm.daliisolutions.com\/index.php\/2025\/12\/10\/radio-benidorm-lider-indiscutible-en-la-marina-baixa\/","title":{"rendered":"Radio Benidorm, l\u00edder indiscutible en la Marina Baixa"},"content":{"rendered":" <p>10.000 gracias. Una por cada oyente diario que registra Radio Benidorm en la \u00faltima oleada del Estudio General de Medios (EGM) y que nos convierte en la emisora m\u00e1s escuchada en la Marina Baixa. <\/p>  <p>En el \u00e1mbito digital <a href=\"https:\/\/radiobenidorm.es\" target=\"_blank\" rel=\"nofollow\" title=\"https:\/\/radiobenidorm.es\">radiobenidorm.es<\/a> tambi\u00e9n lidera las audiencias comarcales con cerca de 100.000 visitas mensuales y m\u00e1s de 26.000 escuchas entre la web y la app de la SER, donde adem\u00e1s sumamos otras 25.000 visitas al mes. Adem\u00e1s, la comunidad de nuestras redes sociales no para de crecer y ya somos m\u00e1s de 10.600 seguidores en <a href=\"https:\/\/www.instagram.com\/radiobenidormser\/?hl=es\" target=\"_blank\" rel=\"nofollow\" title=\"https:\/\/www.instagram.com\/radiobenidormser\/?hl=es\">Instagram<\/a>, <a href=\"https:\/\/www.facebook.com\/RadioBenidorm\/?locale=es_ES\" target=\"_blank\" rel=\"nofollow\" title=\"https:\/\/www.facebook.com\/RadioBenidorm\/?locale=es_ES\">Facebook<\/a> y <a href=\"https:\/\/x.com\/RadioBenidorm\" target=\"_blank\" rel=\"nofollow\" title=\"https:\/\/x.com\/RadioBenidorm\">X (Twitter)<\/a>.<\/p>  <p>Radio Benidorm Cadena SER, siempre con los oyentes y la programaci\u00f3n local m\u00e1s amplia de la Marina Baixa: desde los informativos matinales de las 7:20h y 8:20h, con la compa\u00f1\u00eda de Silvia Yus en Hoy por Hoy Benidorm de 12:20h a 14:00h y toda la actualidad de la ma\u00f1ana en Hora 14 Benidorm a las 14:17h. <\/p>  <p>A las 15:20h Nico Van Looy dirige el mayor espacio deportivo de la comarca, SER Deportivos Marina Baixa, y a las 19:20h Jorge Garc\u00eda abre La Ventana de la Marina Baixa a todo tipo de historias. Pedro Garc\u00eda se encarga del \u00faltimo repaso a la actualidad del d\u00eda al filo de las once de la noche en Hora 25 Benidorm.<\/p>  <p>Solo podemos volver a daros las gracias por seguir siendo vuestro medio de confianza todos los d\u00edas y a todas horas. <\/p> ","protected":false},"excerpt":{"rendered":"<p>La SER re\u00fane en la comarca a 10.000 oyentes diarios seg\u00fan el \u00faltimo EGM<\/p>\n","protected":false},"author":0,"featured_media":20690,"comment_status":"","ping_status":"open","sticky":false,"template":"","format":"standard","meta":{"_acf_changed":false,"footnotes":""},"categories":[1],"tags":[],"class_list":["post-20689","post","type-post","status-publish","format-standard","has-post-thumbnail","hentry","category-sin-categoria"],"acf":{"ser_id":"KX2FKXN64BGV5P2SSEIIBHHSGE","ser_url":"https:\/\/cadenaser.com\/comunitat-valenciana\/2025\/12\/10\/radio-benidorm-lider-indiscutible-en-la-marina-baixa-radio-benidorm\/"},"_links":{"self":[{"href":"https:\/\/serbenidorm.daliisolutions.com\/index.php\/wp-json\/wp\/v2\/posts\/20689","targetHints":{"allow":["GET"]}}],"collection":[{"href":"https:\/\/serbenidorm.daliisolutions.com\/index.php\/wp-json\/wp\/v2\/posts"}],"about":[{"href":"https:\/\/serbenidorm.daliisolutions.com\/index.php\/wp-json\/wp\/v2\/types\/post"}],"replies":[{"embeddable":true,"href":"https:\/\/serbenidorm.daliisolutions.com\/index.php\/wp-json\/wp\/v2\/comments?post=20689"}],"version-history":[{"count":0,"href":"https:\/\/serbenidorm.daliisolutions.com\/index.php\/wp-json\/wp\/v2\/posts\/20689\/revisions"}],"wp:featuredmedia":[{"embeddable":true,"href":"https:\/\/serbenidorm.daliisolutions.com\/index.php\/wp-json\/wp\/v2\/media\/20690"}],"wp:attachment":[{"href":"https:\/\/serbenidorm.daliisolutions.com\/index.php\/wp-json\/wp\/v2\/media?parent=20689"}],"wp:term":[{"taxonomy":"category","embeddable":true,"href":"https:\/\/serbenidorm.daliisolutions.com\/index.php\/wp-json\/wp\/v2\/categories?post=20689"},{"taxonomy":"post_tag","embeddable":true,"href":"https:\/\/serbenidorm.daliisolutions.com\/index.php\/wp-json\/wp\/v2\/tags?post=20689"}],"curies":[{"name":"wp","href":"https:\/\/api.w.org\/{rel}","templated":true}]}}