{"id":20695,"date":"2025-12-10T11:59:56","date_gmt":"2025-12-10T10:59:56","guid":{"rendered":"https:\/\/serbenidorm.daliisolutions.com\/index.php\/2025\/12\/10\/la-vila-joiosa-prepara-una-san-silvestre-multitudinaria-y-navidena\/"},"modified":"2025-12-10T11:59:56","modified_gmt":"2025-12-10T10:59:56","slug":"la-vila-joiosa-prepara-una-san-silvestre-multitudinaria-y-navidena","status":"publish","type":"post","link":"https:\/\/serbenidorm.daliisolutions.com\/index.php\/2025\/12\/10\/la-vila-joiosa-prepara-una-san-silvestre-multitudinaria-y-navidena\/","title":{"rendered":"La Vila Joiosa prepara una San Silvestre multitudinaria y navide\u00f1a"},"content":{"rendered":" <p>La Vila Joiosa ya se encuentra inmersa en los preparativos de una de las citas m\u00e1s esperadas de su calendario deportivo y festivo: la San Silvestre, una carrera popular que combina deporte, comunidad y esp\u00edritu navide\u00f1o. La edici\u00f3n de este a\u00f1o tendr\u00e1 lugar el domingo 28 de diciembre, a partir de las 18:00 horas, con salida desde el parque de La Barbera dels Aragon\u00e9s, epicentro de las actividades de Nadal en el municipio.<\/p>  <p>La prueba, organizada por la Concejal\u00eda de Deportes, vuelve a apostar por su car\u00e1cter familiar y accesible. Con cerca de 3 kil\u00f3metros de recorrido, que pueden hacerse corriendo o andando, la San Silvestre vilera se ha consolidado como una cita abierta a personas de todas las edades y condiciones f\u00edsicas. De hecho, quienes deseen prolongar la experiencia podr\u00e1n completar hasta dos vueltas al circuito.<\/p>  <p>Las inscripciones se encuentran disponibles a trav\u00e9s del formulario habilitado por el Ayuntamiento, con plazo abierto hasta el 24 de diciembre. El mismo d\u00eda de la prueba, los corredores podr\u00e1n retirar sus dorsales en La Barbera, entre las 16:00 y las 17:30 horas.<\/p>  <p>El itinerario mantiene el recorrido habitual: tras la salida en La Barbera, la carrera discurrir\u00e1 por las calles Barranquet, Col\u00f3n, Pizarro, Juan Carlos I, Ram\u00f3n y Cajal, Aitana y Huit de Maig, regresando finalmente al punto de inicio. Un circuito urbano, sencillo y muy ambientado, que cada diciembre atrae a centenares de vecinos.<\/p>  <p>La organizaci\u00f3n ha preparado, un a\u00f1o m\u00e1s, una acogida final muy caracter\u00edstica de estas fechas. A la llegada, los participantes podr\u00e1n disfrutar de agua, chocolate caliente, madalenas y dulces navide\u00f1os, que servir\u00e1n de cierre perfecto a la tarde deportiva.<\/p>  <p>Adem\u00e1s, se entregar\u00e1n premios al mejor disfraz grupal y al mejor disfraz individual, y entre todos los inscritos se sortear\u00e1 un jam\u00f3n, uno de los momentos m\u00e1s esperados de la jornada.<\/p>  <p>\u201cLa San Silvestre siempre cosecha un gran \u00e9xito y cada a\u00f1o tiene m\u00e1s participantes. El pasado a\u00f1o fueron 1.200 personas las que disfrutaron de esta carrera popular con un ambiente navide\u00f1o adem\u00e1s de deportivo\u201d. El edil anim\u00f3 a toda la ciudadan\u00eda a participar y a acudir disfrazada para \u201cdar a\u00fan m\u00e1s color a un evento que ya forma parte del ADN navide\u00f1o de La Vila Joiosa\u201d.<\/p>  <p>La San Silvestre se integra dentro de la programaci\u00f3n de La Nadala 2025, que incluye actividades culturales, deportivas y l\u00fadicas hasta el pr\u00f3ximo 6 de enero en La Barbera y otros espacios municipales.<\/p> ","protected":false},"excerpt":{"rendered":"<p>Se celebrar\u00e1 el 28 de diciembre con salida desde la Barbera, disfraces, premios y un ambiente deportivo y festivo <\/p>\n","protected":false},"author":0,"featured_media":20696,"comment_status":"","ping_status":"open","sticky":false,"template":"","format":"standard","meta":{"_acf_changed":false,"footnotes":""},"categories":[16],"tags":[],"class_list":["post-20695","post","type-post","status-publish","format-standard","has-post-thumbnail","hentry","category-deportes"],"acf":{"ser_id":"SPDZIL3HK5C6XHTVSLEVHJDLQ4","ser_url":"https:\/\/cadenaser.com\/comunitat-valenciana\/2025\/12\/10\/la-vila-joiosa-prepara-una-san-silvestre-multitudinaria-y-navidena-radio-benidorm\/"},"_links":{"self":[{"href":"https:\/\/serbenidorm.daliisolutions.com\/index.php\/wp-json\/wp\/v2\/posts\/20695","targetHints":{"allow":["GET"]}}],"collection":[{"href":"https:\/\/serbenidorm.daliisolutions.com\/index.php\/wp-json\/wp\/v2\/posts"}],"about":[{"href":"https:\/\/serbenidorm.daliisolutions.com\/index.php\/wp-json\/wp\/v2\/types\/post"}],"replies":[{"embeddable":true,"href":"https:\/\/serbenidorm.daliisolutions.com\/index.php\/wp-json\/wp\/v2\/comments?post=20695"}],"version-history":[{"count":0,"href":"https:\/\/serbenidorm.daliisolutions.com\/index.php\/wp-json\/wp\/v2\/posts\/20695\/revisions"}],"wp:featuredmedia":[{"embeddable":true,"href":"https:\/\/serbenidorm.daliisolutions.com\/index.php\/wp-json\/wp\/v2\/media\/20696"}],"wp:attachment":[{"href":"https:\/\/serbenidorm.daliisolutions.com\/index.php\/wp-json\/wp\/v2\/media?parent=20695"}],"wp:term":[{"taxonomy":"category","embeddable":true,"href":"https:\/\/serbenidorm.daliisolutions.com\/index.php\/wp-json\/wp\/v2\/categories?post=20695"},{"taxonomy":"post_tag","embeddable":true,"href":"https:\/\/serbenidorm.daliisolutions.com\/index.php\/wp-json\/wp\/v2\/tags?post=20695"}],"curies":[{"name":"wp","href":"https:\/\/api.w.org\/{rel}","templated":true}]}}