{"id":20697,"date":"2025-12-10T12:36:24","date_gmt":"2025-12-10T11:36:24","guid":{"rendered":"https:\/\/serbenidorm.daliisolutions.com\/index.php\/2025\/12\/10\/benidorm-celebra-la-52a-edicion-de-sus-historicas-navidades-nauticas\/"},"modified":"2025-12-10T12:36:24","modified_gmt":"2025-12-10T11:36:24","slug":"benidorm-celebra-la-52a-edicion-de-sus-historicas-navidades-nauticas","status":"publish","type":"post","link":"https:\/\/serbenidorm.daliisolutions.com\/index.php\/2025\/12\/10\/benidorm-celebra-la-52a-edicion-de-sus-historicas-navidades-nauticas\/","title":{"rendered":"Benidorm celebra la 52\u00aa edici\u00f3n de sus hist\u00f3ricas Navidades N\u00e1uticas"},"content":{"rendered":" <p>Benidorm vuelve a convertirse este fin de semana en epicentro de la vela auton\u00f3mica con la celebraci\u00f3n de la primera fase de la 52\u00aa edici\u00f3n de las Navidades N\u00e1uticas, una de las competiciones m\u00e1s longevas y emblem\u00e1ticas de cuantas se disputan en Espa\u00f1a y en la Comunitat Valenciana. Las pruebas, organizadas por el Club N\u00e1utico Benidorm con el patrocinio del Ayuntamiento y la colaboraci\u00f3n de la Federaci\u00f3n de Vela de la Comunitat Valenciana, tendr\u00e1n lugar los d\u00edas 13 y 14 de diciembre en aguas de la bah\u00eda.<\/p>  <p>Durante estas jornadas competir\u00e1n las clases de Vela Ligera, con embarcaciones 420 y ILCA. La segunda fase de la prueba, centrada en la vela infantil con la categor\u00eda optimist, se celebrar\u00e1 los d\u00edas 10 y 11 de enero de 2026, completando as\u00ed una edici\u00f3n que superar\u00e1 los 250 regatistas inscritos.<\/p>  <p>En la presentaci\u00f3n oficial, el concejal de Deportes, Javier Jord\u00e1, acompa\u00f1ado por el presidente del Club N\u00e1utico, Jaime Samper, y el coordinador deportivo, Rafa Madaleno, destac\u00f3 la importancia de esta cita deportiva para Benidorm. Samper record\u00f3 que se trata de \u201cuna de las competiciones de vela m\u00e1s antiguas de Espa\u00f1a, con m\u00e1s de medio siglo de tradici\u00f3n\u201d.<\/p>  <p>Jord\u00e1 a\u00f1adi\u00f3 que las Navidades N\u00e1uticas son \u201cuna de las pruebas m\u00e1s arraigadas en nuestro calendario, seguidas de cerca por familias, clubes y aficionados que acuden al puerto para disfrutar de un espect\u00e1culo n\u00e1utico que adem\u00e1s atrae a deportistas de toda la Comunitat Valenciana\u201d.<\/p>  <p>La fase de Vela Ligera contar\u00e1 con dos modalidades principales: Clase 420, embarcaciones dobles con tripulaciones masculinas y femeninas, que competir\u00e1n en categor\u00edas sub-19 y sub-17 en una prueba puntuable para el ranking auton\u00f3mico. Clase ILCA (antigua Laser), con embarcaciones ILCA 4, 6 y 7, en una regata de car\u00e1cter local y comarcal.<\/p>  <p>En enero ser\u00e1 el turno de la vela infantil con la categor\u00eda OPTIMIST B, puntuable tambi\u00e9n para el ranking auton\u00f3mico, adem\u00e1s de la participaci\u00f3n como clase invitada de regatistas OPTIMIST A y C. Estas pruebas ser\u00e1n decisivas para la selecci\u00f3n de los equipos que representar\u00e1n a la Comunitat Valenciana en competiciones nacionales.<\/p>  <p>La organizaci\u00f3n prev\u00e9 la participaci\u00f3n de unos 250 regatistas, provenientes de clubes de toda la Comunitat. Una cifra que, seg\u00fan sus responsables, contribuir\u00e1 a ofrecer \u201cuna imagen espectacular de nuestra bah\u00eda, con la isla de Benidorm como tel\u00f3n de fondo\u201d.<\/p>  <p>El concejal Jord\u00e1 anim\u00f3 tanto a vecinos como a visitantes a acercarse al puerto y disfrutar del desarrollo de las regatas, mientras que desde el Club N\u00e1utico esperan que las condiciones meteorol\u00f3gicas acompa\u00f1en con vientos favorables.<\/p>  <p>La Escuela de Vela del Club N\u00e1utico contar\u00e1 con 30 representantes en las distintas pruebas de vela ligera e infantil, en las clases 420, ILCA y Optimist. Entre ellos figuran Guti, Mara, Merce, Miguel, Iv\u00e1n, Kate, Marc Antoni, Jorge, Diego, Gabi, Marc, Dani, Sergio, Ricard, Aaron, Vasilisa, Luc\u00eda, Elisa, Eugeni, Carlos, Eric, Denis, \u00c1lex, Erick, David, Dar\u00edo, Fernando y Gabriel, a quienes el club desea \u201clos mejores resultados para Benidorm\u201d.<\/p>  <p>La actividad comenzar\u00e1 el s\u00e1bado 13 a las 9:30 horas con la apertura de la oficina de regatas. Las pruebas se iniciar\u00e1n a las 12:00 horas el s\u00e1bado y a las 11:00 horas el domingo. La entrega de trofeos tendr\u00e1 lugar el domingo alrededor de las 16:30 horas.<\/p>  <p>La competici\u00f3n se desarrollar\u00e1 en modalidad de flota, con un total de seis pruebas por clase, permiti\u00e9ndose descartar la peor puntuaci\u00f3n una vez completadas al menos cuatro mangas.<\/p>  <p>El Club N\u00e1utico Benidorm ha agradecido el respaldo de las entidades colaboradoras: Diputaci\u00f3n de Alicante, Ayuntamiento de Benidorm, Federaci\u00f3n Valenciana de Vela, Generalitat Valenciana \u2013 Comunitat de l\u2019Esport, Seguros Generali, Grupo Bali, Grupo Mal Pas y R.A. Benidorm.<\/p>  <p>Por su parte, el concejal de Deportes felicit\u00f3 al Club por \u201cmantener viva una regata con tanta historia y tradici\u00f3n\u201d y destac\u00f3 su labor durante todo el a\u00f1o en la promoci\u00f3n de los deportes n\u00e1uticos, como la vela, el remo y el windsurf.<\/p> ","protected":false},"excerpt":{"rendered":"<p>Las regatas de vela ligera se disputan este fin de semana en la bah\u00eda, antes de dar paso en enero a la fase infantil con m\u00e1s de 250 regatistas previstos<\/p>\n","protected":false},"author":0,"featured_media":20698,"comment_status":"","ping_status":"open","sticky":false,"template":"","format":"standard","meta":{"_acf_changed":false,"footnotes":""},"categories":[16],"tags":[],"class_list":["post-20697","post","type-post","status-publish","format-standard","has-post-thumbnail","hentry","category-deportes"],"acf":{"ser_id":"Y2W53JNZN5HTTKFVO65B32A4PQ","ser_url":"https:\/\/cadenaser.com\/comunitat-valenciana\/2025\/12\/10\/benidorm-celebra-la-52-edicion-de-sus-historicas-navidades-nauticas-radio-benidorm\/"},"_links":{"self":[{"href":"https:\/\/serbenidorm.daliisolutions.com\/index.php\/wp-json\/wp\/v2\/posts\/20697","targetHints":{"allow":["GET"]}}],"collection":[{"href":"https:\/\/serbenidorm.daliisolutions.com\/index.php\/wp-json\/wp\/v2\/posts"}],"about":[{"href":"https:\/\/serbenidorm.daliisolutions.com\/index.php\/wp-json\/wp\/v2\/types\/post"}],"replies":[{"embeddable":true,"href":"https:\/\/serbenidorm.daliisolutions.com\/index.php\/wp-json\/wp\/v2\/comments?post=20697"}],"version-history":[{"count":0,"href":"https:\/\/serbenidorm.daliisolutions.com\/index.php\/wp-json\/wp\/v2\/posts\/20697\/revisions"}],"wp:featuredmedia":[{"embeddable":true,"href":"https:\/\/serbenidorm.daliisolutions.com\/index.php\/wp-json\/wp\/v2\/media\/20698"}],"wp:attachment":[{"href":"https:\/\/serbenidorm.daliisolutions.com\/index.php\/wp-json\/wp\/v2\/media?parent=20697"}],"wp:term":[{"taxonomy":"category","embeddable":true,"href":"https:\/\/serbenidorm.daliisolutions.com\/index.php\/wp-json\/wp\/v2\/categories?post=20697"},{"taxonomy":"post_tag","embeddable":true,"href":"https:\/\/serbenidorm.daliisolutions.com\/index.php\/wp-json\/wp\/v2\/tags?post=20697"}],"curies":[{"name":"wp","href":"https:\/\/api.w.org\/{rel}","templated":true}]}}