{"id":20702,"date":"2025-12-10T12:56:03","date_gmt":"2025-12-10T11:56:03","guid":{"rendered":"https:\/\/serbenidorm.daliisolutions.com\/index.php\/2025\/12\/10\/la-nucia-anuncia-la-construccion-de-un-trinquet-para-impulsar-la-pilota\/"},"modified":"2025-12-10T12:56:03","modified_gmt":"2025-12-10T11:56:03","slug":"la-nucia-anuncia-la-construccion-de-un-trinquet-para-impulsar-la-pilota","status":"publish","type":"post","link":"https:\/\/serbenidorm.daliisolutions.com\/index.php\/2025\/12\/10\/la-nucia-anuncia-la-construccion-de-un-trinquet-para-impulsar-la-pilota\/","title":{"rendered":"La Nuc\u00eda anuncia la construcci\u00f3n de un Trinquet para impulsar la pilota"},"content":{"rendered":" <p>La Nuc\u00eda sumar\u00e1 pr\u00f3ximamente una instalaci\u00f3n clave para el futuro de la Pilota Valenciana: un Trinquet propio, concebido para complementar la oferta deportiva del municipio y consolidarlo como referente auton\u00f3mico en este deporte tradicional. El anuncio lo realiz\u00f3 el alcalde, Bernab\u00e9 Cano, durante la presentaci\u00f3n oficial de los equipos de l\u2019Escola de Pilota Valenciana de La Nuc\u00eda, en un acto celebrado en el Edifici dels Esports.<\/p>  <p>El proyecto del futuro Trinquet se encuentra actualmente en fase de redacci\u00f3n, y una vez completado ser\u00e1 presentado al club y a la escola para incorporar sus valoraciones antes del desarrollo definitivo. La infraestructura se construir\u00e1 en la zona de ampliaci\u00f3n de la Ciutat Esportiva Camilo Cano, frente al Colegio Muixara y la Academia de Tenis Ferrer, un enclave que refuerza la concentraci\u00f3n de instalaciones deportivas de alto nivel en el municipio.<\/p>  <p>El alcalde destac\u00f3 la relevancia de este nuevo equipamiento para el crecimiento del deporte aut\u00f3ctono: \u201cEstamos trabajando para la construcci\u00f3n de un Trinquet en La Nuc\u00eda, una infraestructura clave para potenciar y que siga creciendo la Pilota Valenciana a todos los niveles. Queremos que sea un referente auton\u00f3mico\u201d, afirm\u00f3 Cano.<\/p>  <p>El primer edil record\u00f3 que la Selecci\u00f3n de Pilota Valenciana ya utiliza La Nuc\u00eda como sede de concentraci\u00f3n para mundiales y europeos, por lo que disponer de un Trinquet propio permitir\u00e1 completar todas las necesidades t\u00e9cnicas y deportivas para llegar a ser un aut\u00e9ntico Centre de Tecnificaci\u00f3 de Pilota Valenciana.<\/p>  <p>El anuncio fue recibido con entusiasmo por parte de l\u2019Escola de Pilota Valenciana, cuyo director, el reconocido jugador profesional Rodrigo Sebasti\u00e0 \u201cPere Roc II\u201d, subray\u00f3 la importancia del proyecto: \u201cHa sido una sorpresa enorme para todos. Entrenar en un trinquet en nuestro propio pueblo supondr\u00e1 un salto de calidad tremendo\u201d.<\/p>  <p>Actualmente, el alumnado se ejercita en los mini trinquets del Colegio Muixara, espacios que han permitido avanzar t\u00e9cnicamente, pero que no ofrecen las prestaciones completas de un Trinquet reglamentario. Para \u201cPere Roc II\u201d, disponer de esta instalaci\u00f3n marcar\u00e1 \u201cun antes y un despu\u00e9s\u201d en la formaci\u00f3n de las nuevas generaciones de jugadores y en la proyecci\u00f3n del club.<\/p>  <p>La presentaci\u00f3n de los equipos de l\u2019Escola de Pilota Valenciana de La Nuc\u00eda celebr\u00f3 su sexta temporada desde su creaci\u00f3n en 2019. En tan solo unos a\u00f1os, la escuela se ha convertido en una referencia deportiva en la Marina Baixa, con 42 jugadores y jugadoras distribuidos desde la categor\u00eda prebenjam\u00edn hasta juvenil, compitiendo en ligas comarcales, provinciales y auton\u00f3micas con excelentes resultados.<\/p>  <p>Adem\u00e1s, esta temporada se ha incorporado como novedad un grupo de entrenamiento para adultos, integrado por madres y padres del alumnado, que refleja la creciente implicaci\u00f3n social en torno a la pilota en La Nuc\u00eda.<\/p>  <p>En el acto estuvieron presentes, junto a \u201cPere Roc II\u201d, el entrenador Yeray L\u00f3pez, el presidente del Club de Pilota Valenciana de La Nuc\u00eda, Daniel Flores, el concejal de Deportes Sergio Villalba, y el alcalde Bernab\u00e9 Cano.<\/p>  <p>El futuro Trinquet no solo ser\u00e1 decisivo para el club y la escuela, sino que contribuir\u00e1 a reforzar la identidad deportiva de La Nuc\u00eda y su estrategia de consolidarse como uno de los municipios m\u00e1s destacados en instalaciones especializadas.<\/p>  <p>\u201cQueremos que la Pilota Valenciana tenga su protagonismo en La Nuc\u00eda, Ciudad del Deporte\u201d, concluy\u00f3 Cano, marcando as\u00ed una clara l\u00ednea de compromiso institucional con el deporte aut\u00f3ctono valenciano.<\/p> ","protected":false},"excerpt":{"rendered":"<p>La nueva infraestructura reforzar\u00e1 el crecimiento de l\u2019Escola y del Club de Pilota Valenciana del municipio<\/p>\n","protected":false},"author":0,"featured_media":20703,"comment_status":"","ping_status":"open","sticky":false,"template":"","format":"standard","meta":{"_acf_changed":false,"footnotes":""},"categories":[16],"tags":[],"class_list":["post-20702","post","type-post","status-publish","format-standard","has-post-thumbnail","hentry","category-deportes"],"acf":{"ser_id":"BL6ZUQWFHVG6JMAXAJQCKMWSGA","ser_url":"https:\/\/cadenaser.com\/comunitat-valenciana\/2025\/12\/10\/la-nucia-anuncia-la-construccion-de-un-trinquet-para-impulsar-la-pilota-radio-benidorm\/"},"_links":{"self":[{"href":"https:\/\/serbenidorm.daliisolutions.com\/index.php\/wp-json\/wp\/v2\/posts\/20702","targetHints":{"allow":["GET"]}}],"collection":[{"href":"https:\/\/serbenidorm.daliisolutions.com\/index.php\/wp-json\/wp\/v2\/posts"}],"about":[{"href":"https:\/\/serbenidorm.daliisolutions.com\/index.php\/wp-json\/wp\/v2\/types\/post"}],"replies":[{"embeddable":true,"href":"https:\/\/serbenidorm.daliisolutions.com\/index.php\/wp-json\/wp\/v2\/comments?post=20702"}],"version-history":[{"count":0,"href":"https:\/\/serbenidorm.daliisolutions.com\/index.php\/wp-json\/wp\/v2\/posts\/20702\/revisions"}],"wp:featuredmedia":[{"embeddable":true,"href":"https:\/\/serbenidorm.daliisolutions.com\/index.php\/wp-json\/wp\/v2\/media\/20703"}],"wp:attachment":[{"href":"https:\/\/serbenidorm.daliisolutions.com\/index.php\/wp-json\/wp\/v2\/media?parent=20702"}],"wp:term":[{"taxonomy":"category","embeddable":true,"href":"https:\/\/serbenidorm.daliisolutions.com\/index.php\/wp-json\/wp\/v2\/categories?post=20702"},{"taxonomy":"post_tag","embeddable":true,"href":"https:\/\/serbenidorm.daliisolutions.com\/index.php\/wp-json\/wp\/v2\/tags?post=20702"}],"curies":[{"name":"wp","href":"https:\/\/api.w.org\/{rel}","templated":true}]}}