{"id":20704,"date":"2025-12-10T13:26:08","date_gmt":"2025-12-10T12:26:08","guid":{"rendered":"https:\/\/serbenidorm.daliisolutions.com\/index.php\/2025\/12\/10\/las-penas-de-benidorm-ya-tienen-nueva-junta-directiva\/"},"modified":"2025-12-10T13:26:08","modified_gmt":"2025-12-10T12:26:08","slug":"las-penas-de-benidorm-ya-tienen-nueva-junta-directiva","status":"publish","type":"post","link":"https:\/\/serbenidorm.daliisolutions.com\/index.php\/2025\/12\/10\/las-penas-de-benidorm-ya-tienen-nueva-junta-directiva\/","title":{"rendered":"Las pe\u00f1as de Benidorm ya tienen nueva Junta Directiva"},"content":{"rendered":" <p>Gestionar un colectivo de m\u00e1s de 5.000 festeros y eventos tan destacados en el calendario de Benidorm como la mona, la acampada o el Dia de les Penyes. <a href=\"https:\/\/cadenaser.com\/tag\/benidorm\/a\/\" target=\"_blank\" rel=\"nofollow\" title=\"https:\/\/cadenaser.com\/tag\/benidorm\/a\/\">No ser\u00e1 f\u00e1cil la tarea de la nueva Junta Directiva de la Associaci\u00f3 de Penyes Verge del Sofratge<\/a> que ya est\u00e1 encabezada de manera oficial por Diego Carrasco, de la Penya La Cucanya.<\/p>  <p>Carrasco se subi\u00f3 al escenario de la Casa del Fester en la asamblea de este martes arropado por buena parte de su quipo, en el que destacan tres vicepresidencias que ostentar\u00e1n Lu\u00eds Alberto S\u00e1nchez, Mar\u00eda Teresa Daza y \u00c1ngela Devesa. <\/p>  <p>En sus primeras palabras como presidente de la Associaci\u00f3 el nuevo presidente quiso anunciar distintos cambios de cara a este 2026, destacando entre ellos la subida de las cuotas para hacer frente al ingente incremento de precios, volver a promover la transici\u00f3n de &#8216;asociaci\u00f3n&#8217; a &#8216;federaci\u00f3n&#8217; o la rendici\u00f3n de cuentas de forma trimestral por parte de los tesoreros. <\/p>  <p>Diego Carrasco sucede en el cargo a Jonathan L\u00f3pez tras un periodo convulso marcado por la gesti\u00f3n econ\u00f3mica, a buen seguro prioridad de la nueva gestora, emanada en este caso de un sorteo, y compuesta por miembros de las siguientes pe\u00f1as:<\/p> ","protected":false},"excerpt":{"rendered":"<p>Diego Carrasco, de la Penya La Cucanya, presidir\u00e1 la gestora de la Associaci\u00f3 de Penyes Verge del Sofratge durante 2026 <\/p>\n","protected":false},"author":0,"featured_media":20705,"comment_status":"","ping_status":"open","sticky":false,"template":"","format":"standard","meta":{"_acf_changed":false,"footnotes":""},"categories":[1],"tags":[],"class_list":["post-20704","post","type-post","status-publish","format-standard","has-post-thumbnail","hentry","category-sin-categoria"],"acf":{"ser_id":"BXJJP4G64RESZEUHCDHS6HZALE","ser_url":"https:\/\/cadenaser.com\/comunitat-valenciana\/2025\/12\/10\/las-penas-de-benidorm-ya-tienen-nueva-junta-directiva-radio-benidorm\/"},"_links":{"self":[{"href":"https:\/\/serbenidorm.daliisolutions.com\/index.php\/wp-json\/wp\/v2\/posts\/20704","targetHints":{"allow":["GET"]}}],"collection":[{"href":"https:\/\/serbenidorm.daliisolutions.com\/index.php\/wp-json\/wp\/v2\/posts"}],"about":[{"href":"https:\/\/serbenidorm.daliisolutions.com\/index.php\/wp-json\/wp\/v2\/types\/post"}],"replies":[{"embeddable":true,"href":"https:\/\/serbenidorm.daliisolutions.com\/index.php\/wp-json\/wp\/v2\/comments?post=20704"}],"version-history":[{"count":0,"href":"https:\/\/serbenidorm.daliisolutions.com\/index.php\/wp-json\/wp\/v2\/posts\/20704\/revisions"}],"wp:featuredmedia":[{"embeddable":true,"href":"https:\/\/serbenidorm.daliisolutions.com\/index.php\/wp-json\/wp\/v2\/media\/20705"}],"wp:attachment":[{"href":"https:\/\/serbenidorm.daliisolutions.com\/index.php\/wp-json\/wp\/v2\/media?parent=20704"}],"wp:term":[{"taxonomy":"category","embeddable":true,"href":"https:\/\/serbenidorm.daliisolutions.com\/index.php\/wp-json\/wp\/v2\/categories?post=20704"},{"taxonomy":"post_tag","embeddable":true,"href":"https:\/\/serbenidorm.daliisolutions.com\/index.php\/wp-json\/wp\/v2\/tags?post=20704"}],"curies":[{"name":"wp","href":"https:\/\/api.w.org\/{rel}","templated":true}]}}