{"id":20732,"date":"2025-12-11T14:59:25","date_gmt":"2025-12-11T13:59:25","guid":{"rendered":"https:\/\/serbenidorm.daliisolutions.com\/index.php\/2025\/12\/11\/la-nucia-apunta-a-2026-como-el-ano-de-la-educacion-con-nuevos-colegios-instituto-y-la-llegada-de-la-universidad-nebrija\/"},"modified":"2025-12-11T14:59:25","modified_gmt":"2025-12-11T13:59:25","slug":"la-nucia-apunta-a-2026-como-el-ano-de-la-educacion-con-nuevos-colegios-instituto-y-la-llegada-de-la-universidad-nebrija","status":"publish","type":"post","link":"https:\/\/serbenidorm.daliisolutions.com\/index.php\/2025\/12\/11\/la-nucia-apunta-a-2026-como-el-ano-de-la-educacion-con-nuevos-colegios-instituto-y-la-llegada-de-la-universidad-nebrija\/","title":{"rendered":"La Nuc\u00eda apunta a 2026 como el \u201ca\u00f1o de la educaci\u00f3n\u201d con nuevos colegios, instituto y la llegada de la Universidad Nebrija"},"content":{"rendered":" <p>El alcalde de La Nuc\u00eda, Bernab\u00e9 Cano, ha calificado el proximo ejercicio 2026 como \u201cel a\u00f1o de la educaci\u00f3n\u201d para el municipio con la llegada nuevas infraestructuras educativas tanto en Primaria como en Secundaria y una Universidad privada. <\/p>  <p>As\u00ed lo ha adelantado Cano este jueves en<a href=\"https:\/\/radiobenidorm.es\" target=\"_blank\" rel=\"nofollow\" title=\"https:\/\/radiobenidorm.es\"> Hoy por Hoy Benidorm<\/a>, tras el encuentro con los medios de comunicaci\u00f3n en el que ha realizado el balance anual de 2025 y las previsiones para 2026. Un crecimiento de infraestructuras con el que se pretende \u201cdar el mejor servicio a la poblaci\u00f3n\u201d y continuar con la expansi\u00f3n demogr\u00e1fica que est\u00e1 viviendo el municipio en los \u00faltimos tiempos. <\/p>  <p>El alcalde ha recordadoque el tercer colegio p\u00fablico de La Nuc\u00eda ya est\u00e1 en construcci\u00f3n y ha confirmado que abrir\u00e1 sus puertas en septiembre de 2026. El centro, con una inversi\u00f3n de 8,5 millones de euros y capacidad para 490 alumnos, permitir\u00e1 descongestionar el CEIP Muixara y CEIP el San Rafael y eliminar hasta siete autobuses que cubren rutas escolares diarias, facilitando que los ni\u00f1os de zonas como Pinar de Garaita o Varadero \u201cpuedan acudir caminando a clase\u201d, dado que el nuevo centro estar\u00e1 ubicado en la zona de las urbanizaciones.<\/p>  <p>El segundo instituto, cuyas obras arrancan en 2026, se ubicar\u00e1 dentro de la Ciudad Deportiva Camilo Cano, est\u00e1 dise\u00f1ado para 1.500 estudiantes y supondr\u00e1 una inversi\u00f3n de 16 millones de euros. Cano ha destacado que su ubicaci\u00f3n permitir\u00e1 que los j\u00f3venes combinen estudio y deporte en un mismo entorno, \u201creforzando el modelo de ciudad vinculada a la formaci\u00f3n y la actividad f\u00edsica\u201d.<\/p>  <p>El primer edil nuciero ha destacado especialmente la apertura en el municipio de la Universidad Nebrija en La Nuc\u00eda, que ocupar\u00e1 una parcela de 20.000 metros cuadrados en la Ciudad Deportiva. La instituci\u00f3n ofrecer\u00e1 cuatro grados \u2014Medicina, Enfermer\u00eda, Fisioterapia y Ciencias de la Actividad F\u00edsica y del Deporte\u2014 y atraer\u00e1 a unos 3.000 estudiantes, acompa\u00f1ados de una residencia universitaria. \u201cSer\u00e1 una transformaci\u00f3n sin precedentes que posicionar\u00e1 a La Nuc\u00eda a nivel mundial\u201d, se\u00f1ala el alcalde.<\/p>  <p>Otro de los ejes estrat\u00e9gicos para 2026 ser\u00e1 la vivienda asequible. El Ayuntamiento ha iniciado la venta de 12 VPO destinadas a menores de 35 a\u00f1os y ha anunciado la construcci\u00f3n de 200 nuevas viviendas de protecci\u00f3n oficial, que se presentar\u00e1n en enero de 2026. Cano indica que esta medida es clave para facilitar el acceso a la vivienda a j\u00f3venes y familias, especialmente ante el aumento de poblaci\u00f3n y los precios del mercado.<\/p>  <p>La Ciudad Deportiva Camilo Cano, uno de los mayores motores de atracci\u00f3n del municipio, seguir\u00e1 creciendo. Tras la reciente apertura del Centro de Tecnificaci\u00f3n de Deportes de Combate, est\u00e1 prevista la construcci\u00f3n de un hotel de 160 habitaciones, otro hotel de cinco estrellas, una residencia de deportistas y un nuevo trinquet para impulsar la pilota valenciana. Estas actuaciones consolidar\u00e1n el complejo como referente deportivo nacional e internacional.<\/p>  <p>El alcalde ha concluidosu intervenci\u00f3n destacando que La Nuc\u00eda \u201cseguir\u00e1 mejorando servicios, reforzando la seguridad y desarrollando nuevas zonas comerciales\u201d, adem\u00e1s de impulsar proyectos culturales y tur\u00edsticos como la tirolina entre La Nuc\u00eda y Polop, la Galer\u00eda Subterr\u00e1nea, el inicio de las obras del Museo Etnogr\u00e1fico del Captivador o la rehabiltiaci\u00f3n de los edificios del Casal Fester-Museu de la Festa. <\/p> ","protected":false},"excerpt":{"rendered":"<p>Bernab\u00e9 Cano anuncia 200 nuevas viviendas de protecci\u00f3n oficial y la expansi\u00f3n de la Ciudad Deportiva<\/p>\n","protected":false},"author":0,"featured_media":20733,"comment_status":"","ping_status":"open","sticky":false,"template":"","format":"standard","meta":{"_acf_changed":false,"footnotes":""},"categories":[1],"tags":[],"class_list":["post-20732","post","type-post","status-publish","format-standard","has-post-thumbnail","hentry","category-sin-categoria"],"acf":{"ser_id":"FQL23C6N2JAIBL7VWAEUOQOLLA","ser_url":"https:\/\/cadenaser.com\/comunitat-valenciana\/2025\/12\/11\/la-nucia-apunta-a-2026-como-el-ano-de-la-educacion-con-nuevos-colegios-instituto-y-la-llegada-de-la-universidad-nebrija-radio-benidorm\/"},"_links":{"self":[{"href":"https:\/\/serbenidorm.daliisolutions.com\/index.php\/wp-json\/wp\/v2\/posts\/20732","targetHints":{"allow":["GET"]}}],"collection":[{"href":"https:\/\/serbenidorm.daliisolutions.com\/index.php\/wp-json\/wp\/v2\/posts"}],"about":[{"href":"https:\/\/serbenidorm.daliisolutions.com\/index.php\/wp-json\/wp\/v2\/types\/post"}],"replies":[{"embeddable":true,"href":"https:\/\/serbenidorm.daliisolutions.com\/index.php\/wp-json\/wp\/v2\/comments?post=20732"}],"version-history":[{"count":0,"href":"https:\/\/serbenidorm.daliisolutions.com\/index.php\/wp-json\/wp\/v2\/posts\/20732\/revisions"}],"wp:featuredmedia":[{"embeddable":true,"href":"https:\/\/serbenidorm.daliisolutions.com\/index.php\/wp-json\/wp\/v2\/media\/20733"}],"wp:attachment":[{"href":"https:\/\/serbenidorm.daliisolutions.com\/index.php\/wp-json\/wp\/v2\/media?parent=20732"}],"wp:term":[{"taxonomy":"category","embeddable":true,"href":"https:\/\/serbenidorm.daliisolutions.com\/index.php\/wp-json\/wp\/v2\/categories?post=20732"},{"taxonomy":"post_tag","embeddable":true,"href":"https:\/\/serbenidorm.daliisolutions.com\/index.php\/wp-json\/wp\/v2\/tags?post=20732"}],"curies":[{"name":"wp","href":"https:\/\/api.w.org\/{rel}","templated":true}]}}