{"id":20798,"date":"2025-12-14T10:48:38","date_gmt":"2025-12-14T09:48:38","guid":{"rendered":"https:\/\/serbenidorm.daliisolutions.com\/index.php\/2025\/12\/14\/suspendido-el-derbi-autonomico-entre-el-puerto-sagunto-y-el-servigroup-benidorm\/"},"modified":"2025-12-14T10:48:38","modified_gmt":"2025-12-14T09:48:38","slug":"suspendido-el-derbi-autonomico-entre-el-puerto-sagunto-y-el-servigroup-benidorm","status":"publish","type":"post","link":"https:\/\/serbenidorm.daliisolutions.com\/index.php\/2025\/12\/14\/suspendido-el-derbi-autonomico-entre-el-puerto-sagunto-y-el-servigroup-benidorm\/","title":{"rendered":"Suspendido el derbi auton\u00f3mico entre el Puerto Sagunto y el Servigroup Benidorm"},"content":{"rendered":" <p>La complicad\u00edsima situaci\u00f3n meteorol\u00f3gica que atraviesa este fin de semana la Comunitat Valenciana y, especialmente, la provincia de Valencia ha obligado a suspender el partido previsto para este domingo entre el Puerto Sagunto y el Balonmano Servigroup Benidorm correspondiente a la 14\u00aa jornada de liga en la Divisi\u00f3n de Honor Plata del balonmano nacional.<\/p>  <blockquote class=\"instagram-media\" data-instgrm-captioned data-instgrm-permalink=\"https:\/\/www.instagram.com\/p\/DSN8LNfDUpp\/?utm_source=ig_embed&amp;utm_campaign=loading\" data-instgrm-version=\"14\" style=\"background:#FFF;border:0;border-radius:3px;margin: 1px;max-width:658px;min-width:326px;padding:0;width:99.375%;width:-webkit-calc(100% - 2px);width:calc(100% - 2px)\"><div style=\"padding:16px\"> <a href=\"https:\/\/www.instagram.com\/p\/DSN8LNfDUpp\/?utm_source=ig_embed&amp;utm_campaign=loading\" style=\"background:#FFFFFF;line-height:0;padding:0 0;text-align:center;text-decoration:none;width:100%\" target=\"_blank\"> <div style=\"flex-direction: row;align-items: center\"> <div style=\"background-color: #F4F4F4;border-radius: 50%;flex-grow: 0;height: 40px;margin-right: 14px;width: 40px\"><\/div> <div style=\"flex-direction: column;flex-grow: 1;justify-content: center\"> <div style=\"background-color: #F4F4F4;border-radius: 4px;flex-grow: 0;height: 14px;margin-bottom: 6px;width: 100px\"><\/div> <div style=\"background-color: #F4F4F4;border-radius: 4px;flex-grow: 0;height: 14px;width: 60px\"><\/div><\/div><\/div><div style=\"padding: 19% 0\"><\/div> <div style=\"height:50px;margin:0 auto 12px;width:50px\"><\/div><div style=\"padding-top: 8px\"> <div style=\"color:#3897f0;font-family:Arial,sans-serif;font-size:14px;font-style:normal;font-weight:550;line-height:18px\">View this post on Instagram<\/div><\/div><div style=\"padding: 12.5% 0\"><\/div> <div style=\"flex-direction: row;margin-bottom: 14px;align-items: center\"><div> <div style=\"background-color: #F4F4F4;border-radius: 50%;height: 12.5px;width: 12.5px\"><\/div> <div style=\"background-color: #F4F4F4;height: 12.5px;width: 12.5px;flex-grow: 0;margin-right: 14px;margin-left: 2px\"><\/div> <div style=\"background-color: #F4F4F4;border-radius: 50%;height: 12.5px;width: 12.5px\"><\/div><\/div><div style=\"margin-left: 8px\"> <div style=\"background-color: #F4F4F4;border-radius: 50%;flex-grow: 0;height: 20px;width: 20px\"><\/div> <div style=\"width: 0;height: 0;border-top: 2px solid transparent;border-left: 6px solid #f4f4f4;border-bottom: 2px solid transparent\"><\/div><\/div><div style=\"margin-left: auto\"> <div style=\"width: 0px;border-top: 8px solid #F4F4F4;border-right: 8px solid transparent\"><\/div> <div style=\"background-color: #F4F4F4;flex-grow: 0;height: 12px;width: 16px\"><\/div> <div style=\"width: 0;height: 0;border-top: 8px solid #F4F4F4;border-left: 8px solid transparent\"><\/div><\/div><\/div> <div style=\"flex-direction: column;flex-grow: 1;justify-content: center;margin-bottom: 24px\"> <div style=\"background-color: #F4F4F4;border-radius: 4px;flex-grow: 0;height: 14px;margin-bottom: 6px;width: 224px\"><\/div> <div style=\"background-color: #F4F4F4;border-radius: 4px;flex-grow: 0;height: 14px;width: 144px\"><\/div><\/div><\/a><\/div><\/blockquote>\n&lt;\/script&gt;  <p>Ser\u00e1 a lo largo de la pr\u00f3xima semana cuando, tras las correspondientes negociaciones entre ambos equipos y la Real Federaci\u00f3n Espa\u00f1ola de Balonmano, se conozca la nueva fecha para la disputa de este importante choque.<\/p>  <p>El Balonmano Servigroup Benidorm cerrar\u00e1 ahora la primera vuelta de la competici\u00f3n el pr\u00f3ximo s\u00e1bado (19:00 horas) en el Palau d\u2019Esports ante el Cisne.<\/p> ","protected":false},"excerpt":{"rendered":"<p>La alerta roja meteorol\u00f3gica obliga al aplazamiento del partido previsto para este domingo<\/p>\n","protected":false},"author":0,"featured_media":20799,"comment_status":"","ping_status":"open","sticky":false,"template":"","format":"standard","meta":{"_acf_changed":false,"footnotes":""},"categories":[16],"tags":[],"class_list":["post-20798","post","type-post","status-publish","format-standard","has-post-thumbnail","hentry","category-deportes"],"acf":{"ser_id":"DV7W7QQ2EZAONNN7Y5VKS4GS7E","ser_url":"https:\/\/cadenaser.com\/comunitat-valenciana\/2025\/12\/14\/suspendido-el-derbi-autonomico-entre-el-puerto-sagunto-y-el-servigroup-benidorm-radio-benidorm\/"},"_links":{"self":[{"href":"https:\/\/serbenidorm.daliisolutions.com\/index.php\/wp-json\/wp\/v2\/posts\/20798","targetHints":{"allow":["GET"]}}],"collection":[{"href":"https:\/\/serbenidorm.daliisolutions.com\/index.php\/wp-json\/wp\/v2\/posts"}],"about":[{"href":"https:\/\/serbenidorm.daliisolutions.com\/index.php\/wp-json\/wp\/v2\/types\/post"}],"replies":[{"embeddable":true,"href":"https:\/\/serbenidorm.daliisolutions.com\/index.php\/wp-json\/wp\/v2\/comments?post=20798"}],"version-history":[{"count":0,"href":"https:\/\/serbenidorm.daliisolutions.com\/index.php\/wp-json\/wp\/v2\/posts\/20798\/revisions"}],"wp:featuredmedia":[{"embeddable":true,"href":"https:\/\/serbenidorm.daliisolutions.com\/index.php\/wp-json\/wp\/v2\/media\/20799"}],"wp:attachment":[{"href":"https:\/\/serbenidorm.daliisolutions.com\/index.php\/wp-json\/wp\/v2\/media?parent=20798"}],"wp:term":[{"taxonomy":"category","embeddable":true,"href":"https:\/\/serbenidorm.daliisolutions.com\/index.php\/wp-json\/wp\/v2\/categories?post=20798"},{"taxonomy":"post_tag","embeddable":true,"href":"https:\/\/serbenidorm.daliisolutions.com\/index.php\/wp-json\/wp\/v2\/tags?post=20798"}],"curies":[{"name":"wp","href":"https:\/\/api.w.org\/{rel}","templated":true}]}}