{"id":20800,"date":"2025-12-14T10:48:38","date_gmt":"2025-12-14T09:48:38","guid":{"rendered":"https:\/\/serbenidorm.daliisolutions.com\/index.php\/2025\/12\/14\/el-benidorm-vence-en-alicante-y-ya-es-campeon-de-invierno\/"},"modified":"2025-12-14T10:48:38","modified_gmt":"2025-12-14T09:48:38","slug":"el-benidorm-vence-en-alicante-y-ya-es-campeon-de-invierno","status":"publish","type":"post","link":"https:\/\/serbenidorm.daliisolutions.com\/index.php\/2025\/12\/14\/el-benidorm-vence-en-alicante-y-ya-es-campeon-de-invierno\/","title":{"rendered":"El Benidorm vence en Alicante y ya es campe\u00f3n de invierno"},"content":{"rendered":" <p>El C.F. Benidorm se ha hecho este s\u00e1bado y de manera matem\u00e1tica con el t\u00edtulo oficioso de campe\u00f3n de invierno, ese que se le atribuye al equipo que termina l\u00edder la primera vuelta de la competici\u00f3n liguera.<\/p>  <p>Los de Javier Vidales lo han conseguido a falta de una semana para que llegue el ecuador del presente curso y tras imponerse por 1-2 en la cancha del Independiente Alicante, hasta hace poco su principal perseguidor y ahora, cuarto clasificado a ocho puntos de los benidormenses.<\/p>  <p>Los que tampoco fallaron fueron el Torrevieja y el Eldense B, los dos equipos que m\u00e1s cerca permanecen en la clasificaci\u00f3n del C.F. Benidorm. Los salineros se impusieron por un claro 4-1 al Novelda mientras que el filial eldense se deshizo del Benig\u00e0nim por 1-0 lo que permite a ambos mantenerse en segunda y tercera posici\u00f3n a cuatro y cinco puntos de los benidormenses, respectivamente.<\/p>  <p><b>Aplazado el partido de La Nuc\u00eda en el Camilo Cano<\/b><\/p>  <p>Por su parte, el C.F. La Nuc\u00eda no disputar\u00e1 en la tarde de este domingo su partido ante el Atzeneta despu\u00e9s de que se haya decretado la suspensi\u00f3n de todos los partidos de la jornada dominical del grupo valenciano de la Tercera RFEF.<\/p>  <p>As\u00ed las cosas, en esta 14\u00aa jornada s\u00f3lo se ha disputado el encuentro previsto para el s\u00e1bado entre el Soneja y el Athletic Torrellano (1-0) mientras que todos los dem\u00e1s choques deber\u00e1n ahora encontrar nuevo acomodo en el calendario.<\/p> ","protected":false},"excerpt":{"rendered":"<p>Suspendido el partido previsto en el Camilo Cano entre La Nuc\u00eda y el Atzeneta<\/p>\n","protected":false},"author":0,"featured_media":20801,"comment_status":"","ping_status":"open","sticky":false,"template":"","format":"standard","meta":{"_acf_changed":false,"footnotes":""},"categories":[16],"tags":[],"class_list":["post-20800","post","type-post","status-publish","format-standard","has-post-thumbnail","hentry","category-deportes"],"acf":{"ser_id":"LDVUDH3UFZDBZMXZTOK6FJBXAQ","ser_url":"https:\/\/cadenaser.com\/comunitat-valenciana\/2025\/12\/14\/el-benidorm-vence-en-alicante-y-ya-es-campeon-de-invierno-radio-benidorm\/"},"_links":{"self":[{"href":"https:\/\/serbenidorm.daliisolutions.com\/index.php\/wp-json\/wp\/v2\/posts\/20800","targetHints":{"allow":["GET"]}}],"collection":[{"href":"https:\/\/serbenidorm.daliisolutions.com\/index.php\/wp-json\/wp\/v2\/posts"}],"about":[{"href":"https:\/\/serbenidorm.daliisolutions.com\/index.php\/wp-json\/wp\/v2\/types\/post"}],"replies":[{"embeddable":true,"href":"https:\/\/serbenidorm.daliisolutions.com\/index.php\/wp-json\/wp\/v2\/comments?post=20800"}],"version-history":[{"count":0,"href":"https:\/\/serbenidorm.daliisolutions.com\/index.php\/wp-json\/wp\/v2\/posts\/20800\/revisions"}],"wp:featuredmedia":[{"embeddable":true,"href":"https:\/\/serbenidorm.daliisolutions.com\/index.php\/wp-json\/wp\/v2\/media\/20801"}],"wp:attachment":[{"href":"https:\/\/serbenidorm.daliisolutions.com\/index.php\/wp-json\/wp\/v2\/media?parent=20800"}],"wp:term":[{"taxonomy":"category","embeddable":true,"href":"https:\/\/serbenidorm.daliisolutions.com\/index.php\/wp-json\/wp\/v2\/categories?post=20800"},{"taxonomy":"post_tag","embeddable":true,"href":"https:\/\/serbenidorm.daliisolutions.com\/index.php\/wp-json\/wp\/v2\/tags?post=20800"}],"curies":[{"name":"wp","href":"https:\/\/api.w.org\/{rel}","templated":true}]}}