{"id":20819,"date":"2025-12-15T12:32:29","date_gmt":"2025-12-15T11:32:29","guid":{"rendered":"https:\/\/serbenidorm.daliisolutions.com\/index.php\/2025\/12\/15\/europa-vuelve-a-condenar-a-los-pescadores-de-villajoyosa\/"},"modified":"2025-12-15T12:32:29","modified_gmt":"2025-12-15T11:32:29","slug":"europa-vuelve-a-condenar-a-los-pescadores-de-villajoyosa","status":"publish","type":"post","link":"https:\/\/serbenidorm.daliisolutions.com\/index.php\/2025\/12\/15\/europa-vuelve-a-condenar-a-los-pescadores-de-villajoyosa\/","title":{"rendered":"Europa vuelve a \u00abcondenar\u00bb a los pescadores de Villajoyosa"},"content":{"rendered":" <p>La Cofrad\u00eda de Pescadores de Villajoyosa expresa una valoraci\u00f3n rotundamente negativa del acuerdo alcanzado en el Consejo de Ministros de Pesca de la Uni\u00f3n Europea sobre las posibilidades de pesca en el Mediterr\u00e1neo para 2026. <\/p>  <p>\u00abLejos de ofrecer una soluci\u00f3n real, este acuerdo mantiene a los trabajadores del mar obligados a parar 92 d\u00edas, forz\u00e1ndolos a consumir el paro de manera obligatoria y consolidando una situaci\u00f3n de precariedad estructural en la pesca de arrastre\u00bb, ha lamentado su presidente <a href=\"https:\/\/cadenaser.com\/tag\/benidorm\/a\/\" target=\"_blank\" rel=\"nofollow\" title=\"https:\/\/cadenaser.com\/tag\/benidorm\/a\/\">Miguel Felipe Solbes<\/a>. <\/p>  <p>A partir del 10 de enero de 2026 se endurece adem\u00e1s de forma significativa el control y el r\u00e9gimen sancionador, obligando a los pescadores a realizar, antes de entrar a puerto, una estimaci\u00f3n del peso de todas las especies capturadas desde el primer kilo: \u00abEsta exigencia es materialmente imposible de cumplir en condiciones reales de trabajo, debido al movimiento constante del barco, a la ausencia de medios de pesaje a bordo y a los estrictos horarios de entrada a puerto\u00bb. <\/p>  <p>Como consecuencia, se produce una doble penalizaci\u00f3n, ya que el pescador se expone a sanciones tanto por no poder estimar con precisi\u00f3n los pesos como por no poder cumplir los tiempos si intentara hacerlo. <\/p>  <p>Especialmente grave resulta, en opini\u00f3n de Solbes que no se hayan alcanzado los 180 d\u00edas de pesca que el sector considera el m\u00ednimo imprescindible para garantizar la viabilidad econ\u00f3mica de la flota y el mantenimiento del empleo: \u00abLos 143 d\u00edas aprobados son claramente insuficientes y sit\u00faan a muchas embarcaciones al l\u00edmite de la supervivencia\u00bb. <\/p>  <p>\u00abDesde la Cofrad\u00eda de Pescadores de Villajoyosa queremos ser claros: este acuerdo no protege la pesca de arrastre ni al Mediterr\u00e1neo; pone en riesgo a las personas que viven de \u00e9l. Se combinan menos d\u00edas de trabajo, m\u00e1s paro obligatorio y un aumento de la presi\u00f3n administrativa y sancionadora sobre los profesionales del mar\u00bb, ha concluido.<\/p> ","protected":false},"excerpt":{"rendered":"<p>La Cofrad\u00eda denuncia que el acuerdo de pesca para 2026 perpet\u00faa la precariedad del arrastre mediterr\u00e1neo, con menos d\u00edas de trabajo, m\u00e1s paro obligatorio y un aumento de la presi\u00f3n sancionadora<\/p>\n","protected":false},"author":0,"featured_media":20820,"comment_status":"","ping_status":"open","sticky":false,"template":"","format":"standard","meta":{"_acf_changed":false,"footnotes":""},"categories":[1],"tags":[],"class_list":["post-20819","post","type-post","status-publish","format-standard","has-post-thumbnail","hentry","category-sin-categoria"],"acf":{"ser_id":"U77UYDSYOBGLDMVB2NV72JJ7CI","ser_url":"https:\/\/cadenaser.com\/comunitat-valenciana\/2025\/12\/15\/europa-vuelve-a-condenar-a-los-pescadores-de-villajoyosa-radio-benidorm\/"},"_links":{"self":[{"href":"https:\/\/serbenidorm.daliisolutions.com\/index.php\/wp-json\/wp\/v2\/posts\/20819","targetHints":{"allow":["GET"]}}],"collection":[{"href":"https:\/\/serbenidorm.daliisolutions.com\/index.php\/wp-json\/wp\/v2\/posts"}],"about":[{"href":"https:\/\/serbenidorm.daliisolutions.com\/index.php\/wp-json\/wp\/v2\/types\/post"}],"replies":[{"embeddable":true,"href":"https:\/\/serbenidorm.daliisolutions.com\/index.php\/wp-json\/wp\/v2\/comments?post=20819"}],"version-history":[{"count":0,"href":"https:\/\/serbenidorm.daliisolutions.com\/index.php\/wp-json\/wp\/v2\/posts\/20819\/revisions"}],"wp:featuredmedia":[{"embeddable":true,"href":"https:\/\/serbenidorm.daliisolutions.com\/index.php\/wp-json\/wp\/v2\/media\/20820"}],"wp:attachment":[{"href":"https:\/\/serbenidorm.daliisolutions.com\/index.php\/wp-json\/wp\/v2\/media?parent=20819"}],"wp:term":[{"taxonomy":"category","embeddable":true,"href":"https:\/\/serbenidorm.daliisolutions.com\/index.php\/wp-json\/wp\/v2\/categories?post=20819"},{"taxonomy":"post_tag","embeddable":true,"href":"https:\/\/serbenidorm.daliisolutions.com\/index.php\/wp-json\/wp\/v2\/tags?post=20819"}],"curies":[{"name":"wp","href":"https:\/\/api.w.org\/{rel}","templated":true}]}}