{"id":20823,"date":"2025-12-15T14:47:27","date_gmt":"2025-12-15T13:47:27","guid":{"rendered":"https:\/\/serbenidorm.daliisolutions.com\/index.php\/2025\/12\/15\/los-hosteleros-de-benidorm-celebran-su-gala-mas-emocionante-para-cerrar-el-40-aniversario-de-abreca\/"},"modified":"2025-12-15T14:47:27","modified_gmt":"2025-12-15T13:47:27","slug":"los-hosteleros-de-benidorm-celebran-su-gala-mas-emocionante-para-cerrar-el-40-aniversario-de-abreca","status":"publish","type":"post","link":"https:\/\/serbenidorm.daliisolutions.com\/index.php\/2025\/12\/15\/los-hosteleros-de-benidorm-celebran-su-gala-mas-emocionante-para-cerrar-el-40-aniversario-de-abreca\/","title":{"rendered":"Los hosteleros de Benidorm celebran su gala m\u00e1s emocionante para cerrar el 40 Aniversario de ABRECA"},"content":{"rendered":" <p>La Asociaci\u00f3n de Bares, Restaurantes, Cafeter\u00edas y Ocio Nocturno de Benidorm (ABRECA), celebr\u00f3 con gran \u00e9xito su Gala Institucional con motivo del 40\u00ba Aniversario en el Benidorm Palace, reuniendo a autoridades, representantes del sector, asociados y familiares en una noche cargada de emoci\u00f3n, reconocimiento y orgullo colectivo.<\/p>  <p>El acto sirvi\u00f3 para conmemorar cuatro d\u00e9cadas de trabajo, defensa del sector y compromiso con la ciudad, poniendo en valor el papel fundamental de la hosteler\u00eda como uno de los principales motores econ\u00f3micos y sociales de Benidorm.<\/p>  <p><a href=\"https:\/\/cadenaser.com\/tag\/benidorm\/a\/\" target=\"_blank\" rel=\"nofollow\" title=\"https:\/\/cadenaser.com\/tag\/benidorm\/a\/\">Uno de los momentos m\u00e1s destacados de la noche fue el homenaje a los presidentes que han liderado ABRECA y COBRECA<\/a> a lo largo de su historia, aut\u00e9nticos protagonistas del crecimiento y consolidaci\u00f3n de la asociaci\u00f3n. Durante el acto subieron al escenario y recibieron el Pin de Oro de ABRECARafael Navarro, fundador de la asociaci\u00f3n; Ricardo Verdesoto; Eugenio Garc\u00eda P\u00e9rez; Manolo Pino; Antonio P\u00e9rez Teuler; Esteban P\u00e9rez Bolufer; Carlos Surian; Pablo Gonz\u00e1lez y Francisco Javier del Castillo, en un reconocimiento extensivo a todos aquellos que han ostentado la presidencia de la entidad, aunque no todos pudieron estar presentes en esta emotiva celebraci\u00f3n.<\/p>  <p>Asimismo, el alcalde de Benidorm, Toni P\u00e9rez, impuso el Pin de Oro a los actuales presidentes, Javier del Castillo, presidente de ABRECA, y Pablo Gonz\u00e1lez, presidente de COBRECA, en reconocimiento a su labor al frente de ambas entidades.<\/p>  <p>Durante la gala se entregaron tambi\u00e9n reconocimientos a establecimientos emblem\u00e1ticos que forman parte de la historia y la memoria colectiva de la hosteler\u00eda local. Fueron distinguidos Mariano\u2019s, referente generacional de la restauraci\u00f3n en Benidorm, abierto 24 horas y s\u00edmbolo de encuentro para locales y turistas; la Toscana, por su trayectoria, constancia, esp\u00edritu familiar y aportaci\u00f3n a la restauraci\u00f3n de la ciudad; y Helader\u00eda Sirvent, reconocida como ABRECA de Honor 2025, por su legado, tradici\u00f3n y por haber acompa\u00f1ado durante d\u00e9cadas a generaciones de benidormenses y visitantes.<\/p>  <p>El presidente de ABRECA, Javier del Castillo, destac\u00f3 durante su intervenci\u00f3n la importancia de \u201cseguir trabajando unidos, defendiendo al sector desde el di\u00e1logo, el compromiso y la responsabilidad, sin olvidar a quienes han construido el camino recorrido\u201d.<\/p>  <p>La clausura corri\u00f3 a cargo del alcalde de Benidorm, Toni P\u00e9rez, quien puso en valor la trayectoria de ABRECA y reafirm\u00f3 el respaldo del Ayuntamiento al sector hostelero como pilar esencial del modelo tur\u00edstico y econ\u00f3mico de la ciudad.<\/p>  <p>La gala concluy\u00f3 con un agradecimiento al Ayuntamiento de Benidormy a los patrocinadores Coca-Cola y Mahou, al Benidorm Palace, y a todos los asociados y colaboradores que hicieron posible una noche que ya forma parte de la historia de ABRECA.<\/p>  <p><\/p> ","protected":false},"excerpt":{"rendered":"<p>En el Benidorm Palace<\/p>\n","protected":false},"author":0,"featured_media":20824,"comment_status":"","ping_status":"open","sticky":false,"template":"","format":"standard","meta":{"_acf_changed":false,"footnotes":""},"categories":[1],"tags":[],"class_list":["post-20823","post","type-post","status-publish","format-standard","has-post-thumbnail","hentry","category-sin-categoria"],"acf":{"ser_id":"43NZ54ZELFFLHLWJDHUDCIFK6Q","ser_url":"https:\/\/cadenaser.com\/comunitat-valenciana\/2025\/12\/15\/los-hosteleros-de-benidorm-celebran-su-gala-mas-emocionante-para-cerrar-el-40-aniversario-de-abreca-radio-benidorm\/"},"_links":{"self":[{"href":"https:\/\/serbenidorm.daliisolutions.com\/index.php\/wp-json\/wp\/v2\/posts\/20823","targetHints":{"allow":["GET"]}}],"collection":[{"href":"https:\/\/serbenidorm.daliisolutions.com\/index.php\/wp-json\/wp\/v2\/posts"}],"about":[{"href":"https:\/\/serbenidorm.daliisolutions.com\/index.php\/wp-json\/wp\/v2\/types\/post"}],"replies":[{"embeddable":true,"href":"https:\/\/serbenidorm.daliisolutions.com\/index.php\/wp-json\/wp\/v2\/comments?post=20823"}],"version-history":[{"count":0,"href":"https:\/\/serbenidorm.daliisolutions.com\/index.php\/wp-json\/wp\/v2\/posts\/20823\/revisions"}],"wp:featuredmedia":[{"embeddable":true,"href":"https:\/\/serbenidorm.daliisolutions.com\/index.php\/wp-json\/wp\/v2\/media\/20824"}],"wp:attachment":[{"href":"https:\/\/serbenidorm.daliisolutions.com\/index.php\/wp-json\/wp\/v2\/media?parent=20823"}],"wp:term":[{"taxonomy":"category","embeddable":true,"href":"https:\/\/serbenidorm.daliisolutions.com\/index.php\/wp-json\/wp\/v2\/categories?post=20823"},{"taxonomy":"post_tag","embeddable":true,"href":"https:\/\/serbenidorm.daliisolutions.com\/index.php\/wp-json\/wp\/v2\/tags?post=20823"}],"curies":[{"name":"wp","href":"https:\/\/api.w.org\/{rel}","templated":true}]}}