{"id":20841,"date":"2025-12-15T20:29:29","date_gmt":"2025-12-15T19:29:29","guid":{"rendered":"https:\/\/serbenidorm.daliisolutions.com\/index.php\/2025\/12\/15\/radio-benidorm-premia-la-creatividad-en-su-primer-concurso-escolar-de-cuentos-de-navidad\/"},"modified":"2025-12-15T20:29:29","modified_gmt":"2025-12-15T19:29:29","slug":"radio-benidorm-premia-la-creatividad-en-su-primer-concurso-escolar-de-cuentos-de-navidad","status":"publish","type":"post","link":"https:\/\/serbenidorm.daliisolutions.com\/index.php\/2025\/12\/15\/radio-benidorm-premia-la-creatividad-en-su-primer-concurso-escolar-de-cuentos-de-navidad\/","title":{"rendered":"Radio Benidorm premia la creatividad en su primer Concurso Escolar de Cuentos de Navidad"},"content":{"rendered":" <p>Cris Navarro Casillas, alumna del CEIP La Cala, ha sido la ganadora del primer Concurso Escolar de Cuentos de Navidad de Radio Benidorm. El segundo y tercer premio han reca\u00eddo en Andrea Lloret Mart\u00ednez, tambi\u00e9n de La Cala, y Roc\u00edo Gabriela Hid Lagares, del CEIP Els Tolls. Sus obras, convertidas en ficciones sonoras, se estrenar\u00e1n este viernes 19 a las 19:20h. en <a href=\"https:\/\/cadenaser.com\/tag\/benidorm\/a\/\" target=\"_blank\" rel=\"nofollow\" title=\"https:\/\/cadenaser.com\/tag\/benidorm\/a\/\">La Ventana de la Marina Baixa<\/a>.<\/p>  <p>Cris, Andrea y Roc\u00edo han sido distinguidas junto a una veintena m\u00e1s de estudiantes de quinto y sexto de Educaci\u00f3n Primaria de la ciudad, finalistas de un certamen en el que han participado los alumnos de una decena de colegios. <\/p>  <p>Todos ellos han destacado \u00abpor su originalidad, calidad literaria y el profundo mensaje navide\u00f1o que transmiten\u00bb, valores que han sido especialmente tenidos en cuenta durante el proceso de deliberaci\u00f3n del jurado compuesto por representantes de la comunidad escolar y teatral, el Ayuntamiento y el equipo de <a href=\"https:\/\/cadenaser.com\/tag\/benidorm\/a\/\" target=\"_blank\" rel=\"nofollow\" title=\"https:\/\/cadenaser.com\/tag\/benidorm\/a\/\">Radio Benidorm Cadena SER<\/a>.<\/p>  <p>Como premio, las autoras de los tres relatos ganadores escuchar\u00e1n sus cuentos grabados por m\u00e1s de un importante cuadro de actores locales y emitidos durante la programaci\u00f3n especial de Navidad, dando as\u00ed voz a sus historias y permitiendo que lleguen a todos los oyentes. <\/p>  <p>Adem\u00e1s, han recibido paquetes de libros y juguetes del comercio local de Benidorm as\u00ed como un diploma que les ha entregado la concejala de Educaci\u00f3n, Maite Moreno, y el director de Radio Benidorm, Baldomero Gim\u00e9nez, en un sencillo acto celebrado este lunes en la emisora.<\/p>  <p>La organizaci\u00f3n, que ha contado con el patrocinio de \u2018TOY PLANET &#8211; LA ROSITA\u2019 y la colaboraci\u00f3n de \u2018JUGUETILANDIA\u2019, \u2018DON DINO\u2019 y el AYUNTAMIENTO DE BENIDORM, quiere felicitar a todos los participantes, a los centros educativos y a las familias por su implicaci\u00f3n en este concurso que une educaci\u00f3n, cultura y tradici\u00f3n navide\u00f1a y que a buen seguro volver\u00e1 a celebrar m\u00e1s ediciones.<\/p> ","protected":false},"excerpt":{"rendered":"<p>Cris Navarro Casillas, Andrea Lloret Mart\u00ednez y Roc\u00edo Gabriela Hid Lagares se hacen con los tres primeros premios y sus obras se estrenar\u00e1n en la radio el viernes a las 19:20h. <\/p>\n","protected":false},"author":0,"featured_media":20842,"comment_status":"","ping_status":"open","sticky":false,"template":"","format":"standard","meta":{"_acf_changed":false,"footnotes":""},"categories":[1],"tags":[],"class_list":["post-20841","post","type-post","status-publish","format-standard","has-post-thumbnail","hentry","category-sin-categoria"],"acf":{"ser_id":"Z33IYACTJZAJRJDOQIQA564CMA","ser_url":"https:\/\/cadenaser.com\/comunitat-valenciana\/2025\/12\/15\/radio-benidorm-premia-la-creatividad-en-su-primer-concurso-escolar-de-cuentos-de-navidad-radio-benidorm\/"},"_links":{"self":[{"href":"https:\/\/serbenidorm.daliisolutions.com\/index.php\/wp-json\/wp\/v2\/posts\/20841","targetHints":{"allow":["GET"]}}],"collection":[{"href":"https:\/\/serbenidorm.daliisolutions.com\/index.php\/wp-json\/wp\/v2\/posts"}],"about":[{"href":"https:\/\/serbenidorm.daliisolutions.com\/index.php\/wp-json\/wp\/v2\/types\/post"}],"replies":[{"embeddable":true,"href":"https:\/\/serbenidorm.daliisolutions.com\/index.php\/wp-json\/wp\/v2\/comments?post=20841"}],"version-history":[{"count":0,"href":"https:\/\/serbenidorm.daliisolutions.com\/index.php\/wp-json\/wp\/v2\/posts\/20841\/revisions"}],"wp:featuredmedia":[{"embeddable":true,"href":"https:\/\/serbenidorm.daliisolutions.com\/index.php\/wp-json\/wp\/v2\/media\/20842"}],"wp:attachment":[{"href":"https:\/\/serbenidorm.daliisolutions.com\/index.php\/wp-json\/wp\/v2\/media?parent=20841"}],"wp:term":[{"taxonomy":"category","embeddable":true,"href":"https:\/\/serbenidorm.daliisolutions.com\/index.php\/wp-json\/wp\/v2\/categories?post=20841"},{"taxonomy":"post_tag","embeddable":true,"href":"https:\/\/serbenidorm.daliisolutions.com\/index.php\/wp-json\/wp\/v2\/tags?post=20841"}],"curies":[{"name":"wp","href":"https:\/\/api.w.org\/{rel}","templated":true}]}}