{"id":20856,"date":"2025-12-16T14:05:57","date_gmt":"2025-12-16T13:05:57","guid":{"rendered":"https:\/\/serbenidorm.daliisolutions.com\/index.php\/2025\/12\/16\/el-tram-vuelve-a-circular-entre-benidorm-y-villajoyosa\/"},"modified":"2025-12-16T14:05:57","modified_gmt":"2025-12-16T13:05:57","slug":"el-tram-vuelve-a-circular-entre-benidorm-y-villajoyosa","status":"publish","type":"post","link":"https:\/\/serbenidorm.daliisolutions.com\/index.php\/2025\/12\/16\/el-tram-vuelve-a-circular-entre-benidorm-y-villajoyosa\/","title":{"rendered":"El TRAM vuelve a circular entre Benidorm y Villajoyosa"},"content":{"rendered":" <p>La circulaci\u00f3n ferroviaria entre el Hospital de La Vila Joiosa y Benidorm ha quedado plenamente restablecida tras la finalizaci\u00f3n de las obras de duplicaci\u00f3n de v\u00eda y electrificaci\u00f3n en un tramo de 6,23 kil\u00f3metros.<\/p>  <p>El president de la Generalitat, Juanfran P\u00e9rez Llorca, ha subrayado que esta intervenci\u00f3n no solo recupera la normalidad del tr\u00e1fico ferroviario, sino que lo hace ofreciendo mejores prestaciones a los usuarios del TRAM d\u2019Alacant.<\/p>  <p>La actuaci\u00f3n, que ha supuesto una inversi\u00f3n cercana a los 40 millones de euros, dota al TRAM de una mayor capacidad operativa, mejora la regularidad del servicio y sienta las bases para una futura ampliaci\u00f3n de frecuencias. <\/p>  <p>P\u00e9rez Llorca ha explicado que esta infraestructura permitir\u00e1 responder de forma m\u00e1s eficiente al crecimiento poblacional y a la creciente demanda de transporte p\u00fablico en la Marina Baixa, al tiempo que refuerza la <a href=\"https:\/\/cadenaser.com\/tag\/benidorm\/a\/\" target=\"_blank\" rel=\"nofollow\" title=\"https:\/\/cadenaser.com\/tag\/benidorm\/a\/\">cohesi\u00f3n territorial entre municipios clave como Benidorm, La Vila Joiosa y Finestrat<\/a>.<\/p>  <p>Durante su intervenci\u00f3n, P\u00e9rez Llorca ha se\u00f1alado que esta actuaci\u00f3n responde a \u201cuna demanda hist\u00f3rica de todos los municipios de la comarca\u201d, que reclamaban un transporte p\u00fablico adaptado a las necesidades actuales y al desarrollo urbano y tur\u00edstico del territorio. El president ha puesto el acento en el salto cualitativo que supone esta mejora en t\u00e9rminos de conectividad, especialmente en el acceso a servicios esenciales como el Hospital de La Vila Joiosa, un nodo sanitario de referencia para toda la Marina Baixa.<\/p>  <p>Las obras han permitido, adem\u00e1s, la rehabilitaci\u00f3n de los apeaderos de Cala Finestrat y Terra M\u00edtica, reforzando su accesibilidad y mejorando sus equipamientos. En la parada del Hospital Vila se ha instalado un ascensor que facilita el acceso directo al centro sanitario, eliminando barreras arquitect\u00f3nicas y mejorando la experiencia de los usuarios.<\/p>  <p>Desde el punto de vista t\u00e9cnico, el proyecto ha supuesto la duplicaci\u00f3n de la v\u00eda ferroviaria, la construcci\u00f3n de un nuevo viaducto sobre el barranco del Murtal, la ejecuci\u00f3n de la superestructura de v\u00eda y la electrificaci\u00f3n del tramo, adem\u00e1s de la incorporaci\u00f3n de nuevas instalaciones de seguridad, sistemas de comunicaciones ferroviarias y subestaciones de energ\u00eda. Todo ello configura una infraestructura moderna, m\u00e1s fiable y preparada para asumir un mayor volumen de tr\u00e1fico.<\/p>  <p>P\u00e9rez Llorca ha se\u00f1alado que la planificaci\u00f3n en materia de transporte continuar\u00e1 con la tranviarizaci\u00f3n del tramo comprendido entre la avenida de Beniard\u00e1, en Benidorm, y la parada intermodal situada frente a la estaci\u00f3n de autobuses, as\u00ed como con la duplicaci\u00f3n de v\u00eda entre L\u2019Albir y Altea, en la l\u00ednea 9. A ello se suma la electrificaci\u00f3n del tramo entre Benidorm Intermodal y Garganes, en Altea, con una inversi\u00f3n aproximada de 30 millones de euros.<\/p>  <p>El president tambi\u00e9n ha anunciado la inminente puesta en marcha de mejoras en el servicio p\u00fablico de transporte de viajeros en autob\u00fas, con el objetivo de garantizar la continuidad y la calidad del transporte entre los distintos municipios de la comarca.<\/p>  <p>En el mismo acto, P\u00e9rez Llorca ha avanzado que reclamar\u00e1 al Gobierno de Espa\u00f1a soluciones inmediatas a las principales reivindicaciones de la Comunitat Valenciana en la reuni\u00f3n que mantendr\u00e1 con el presidente del Ejecutivo central, Pedro S\u00e1nchez, en La Moncloa. Ser\u00e1 su primer encuentro institucional como president de la Generalitat, y en \u00e9l exigir\u00e1 una cooperaci\u00f3n real y efectiva para acelerar la reconstrucci\u00f3n tras las riadas de 2024.<\/p>  <p>El jefe del Consell insistir\u00e1 en la necesidad de activar de forma urgente una Comisi\u00f3n Mixta que integre al Gobierno de Espa\u00f1a, la Generalitat, los ayuntamientos, la Federaci\u00f3n Valenciana de Municipios y Provincias y la Diputaci\u00f3n de Val\u00e8ncia, con el fin de coordinar las tareas de recuperaci\u00f3n y atender las demandas de los municipios afectados.<\/p>  <p>P\u00e9rez Llorca ha subrayado que abordar\u00e1 cuestiones que considera prioritarias para la Comunitat Valenciana, como la financiaci\u00f3n auton\u00f3mica, el acceso al agua y las inversiones en infraestructuras estrat\u00e9gicas. Ha recordado que la Comunitat Valenciana es, a su juicio, la autonom\u00eda peor financiada del pa\u00eds y ha reclamado una reforma urgente del sistema de financiaci\u00f3n para hacerlo m\u00e1s justo y equitativo.<\/p>  <p>Asimismo, ha defendido la creaci\u00f3n de un Fondo de Nivelaci\u00f3n Transitorio que permita paliar la infrafinanciaci\u00f3n mientras no se reforma el modelo actual, al tiempo que ha criticado que el Fondo de Liquidez Auton\u00f3mica llegue tarde y no resuelva los problemas estructurales.<\/p>  <p>El president ha reprochado al Gobierno central que no atienda reivindicaciones hist\u00f3ricas en \u00e1mbitos como la dependencia y la atenci\u00f3n sanitaria a los desplazados, adem\u00e1s de recordar la necesidad urgente de avanzar en infraestructuras clave como el Corredor Mediterr\u00e1neo y la<\/p>  <p><\/p> ","protected":false},"excerpt":{"rendered":"<p>El president de la Generalitat visita la L\u00ednea 1 (Luceros-Benidorm) y presume de gesti\u00f3n del transporte p\u00fablico tras las obras de electrificaci\u00f3n y duplicaci\u00f3n de la v\u00eda<\/p>\n","protected":false},"author":0,"featured_media":20857,"comment_status":"","ping_status":"open","sticky":false,"template":"","format":"standard","meta":{"_acf_changed":false,"footnotes":""},"categories":[1],"tags":[],"class_list":["post-20856","post","type-post","status-publish","format-standard","has-post-thumbnail","hentry","category-sin-categoria"],"acf":{"ser_id":"YC7YTRB4ORFDLLSCQDFVGCH3NQ","ser_url":"https:\/\/cadenaser.com\/comunitat-valenciana\/2025\/12\/16\/el-tram-vuelve-a-circular-entre-benidorm-y-villajoyosa-radio-benidorm\/"},"_links":{"self":[{"href":"https:\/\/serbenidorm.daliisolutions.com\/index.php\/wp-json\/wp\/v2\/posts\/20856","targetHints":{"allow":["GET"]}}],"collection":[{"href":"https:\/\/serbenidorm.daliisolutions.com\/index.php\/wp-json\/wp\/v2\/posts"}],"about":[{"href":"https:\/\/serbenidorm.daliisolutions.com\/index.php\/wp-json\/wp\/v2\/types\/post"}],"replies":[{"embeddable":true,"href":"https:\/\/serbenidorm.daliisolutions.com\/index.php\/wp-json\/wp\/v2\/comments?post=20856"}],"version-history":[{"count":0,"href":"https:\/\/serbenidorm.daliisolutions.com\/index.php\/wp-json\/wp\/v2\/posts\/20856\/revisions"}],"wp:featuredmedia":[{"embeddable":true,"href":"https:\/\/serbenidorm.daliisolutions.com\/index.php\/wp-json\/wp\/v2\/media\/20857"}],"wp:attachment":[{"href":"https:\/\/serbenidorm.daliisolutions.com\/index.php\/wp-json\/wp\/v2\/media?parent=20856"}],"wp:term":[{"taxonomy":"category","embeddable":true,"href":"https:\/\/serbenidorm.daliisolutions.com\/index.php\/wp-json\/wp\/v2\/categories?post=20856"},{"taxonomy":"post_tag","embeddable":true,"href":"https:\/\/serbenidorm.daliisolutions.com\/index.php\/wp-json\/wp\/v2\/tags?post=20856"}],"curies":[{"name":"wp","href":"https:\/\/api.w.org\/{rel}","templated":true}]}}