{"id":20882,"date":"2025-12-17T12:48:48","date_gmt":"2025-12-17T11:48:48","guid":{"rendered":"https:\/\/serbenidorm.daliisolutions.com\/index.php\/2025\/12\/17\/el-servigroup-benidorm-afronta-su-primera-final-copera-en-casa\/"},"modified":"2025-12-17T12:48:48","modified_gmt":"2025-12-17T11:48:48","slug":"el-servigroup-benidorm-afronta-su-primera-final-copera-en-casa","status":"publish","type":"post","link":"https:\/\/serbenidorm.daliisolutions.com\/index.php\/2025\/12\/17\/el-servigroup-benidorm-afronta-su-primera-final-copera-en-casa\/","title":{"rendered":"El Servigroup Benidorm afronta su primera \u2018final copera\u2019 en casa"},"content":{"rendered":" <p>La buena racha que ha venido protagonizando el Servigroup Benidorm en las \u00faltimas semanas ha provocado que el equipo del Palau d\u2019Esports afronte esta semana en casa dos aut\u00e9nticas finales con un \u00fanico objetivo: asegurarse una plaza en la pr\u00f3xima edici\u00f3n de la Copa del Rey.<\/p>  <p>Si hace s\u00f3lo tres semanas el de Benidorm era un equipo que miraba m\u00e1s por el retrovisor, a la zona roja de la clasificaci\u00f3n, ahora las cosas han cambiado por completo y el principal objetivo es terminar la primera vuelta de la Superliga Masculina entre los ocho primeros clasificados para, de esa manera, obtener su pasaporte para una Copa del Rey que se celebrar\u00e1 en Valencia.<\/p>  <p>Para lograrlo, los de Iv\u00e1n Navarro deber\u00e1n lograr este mi\u00e9rcoles (20:00 horas) el triunfo ante La Laguna. Sumar los tres puntos ante los canarios no dar\u00eda, en ning\u00fan caso, la clasificaci\u00f3n matem\u00e1tica; pero s\u00ed permitir\u00eda llegar a la \u00faltima jornada de la primera vuelta dependiendo \u00fanicamente de s\u00ed mismos en casa ante el Legan\u00e9s.<\/p>  <p>Por todo ello, el Palau d\u2019Esports l\u2019Illa volver\u00e1 a convertirse en un escenario determinante para los intereses del Servigroup Benidorm. El equipo ha recuperado solidez, orden y confianza en su juego, y sabe que el apoyo de la afici\u00f3n ser\u00e1 fundamental para superar a un rival directo. La plantilla llega al completo, sin bajas, y con Xavi Fresquet ya plenamente recuperado tras el proceso febril que le impidi\u00f3 participar en el \u00faltimo encuentro.<\/p>  <p>La Laguna, dirigido por Miguel Rivera, llega a Benidorm como s\u00e9ptimo clasificado con diez puntos y un partido pendiente. Se trata de un conjunto muy trabajado t\u00e1cticamente, competitivo y con una marcada disciplina colectiva, capaz de incomodar a cualquier rival gracias a su orden defensivo y su regularidad.<\/p>  <p>El duelo se presenta como un enfrentamiento directo de enorme valor clasificatorio, ya que el Servigroup Benidorm ocupa actualmente la octava posici\u00f3n con nueve puntos, a tan solo uno de su rival de este mi\u00e9rcoles, lo que a\u00f1ade todav\u00eda m\u00e1s trascendencia al choque.<\/p>  <p>El t\u00e9cnico benidormense, Iv\u00e1n Navarro, ha valorado el encuentro destacando el momento del equipo y la dificultad del rival, subrayando la confianza total en su plantilla y en el trabajo realizado durante las \u00faltimas semanas. El entrenador insiste en mantener la identidad mostrada recientemente, basada en la intensidad, el orden y la ambici\u00f3n competitiva, como claves para seguir creciendo.<\/p>  <p>Adem\u00e1s del duelo en el Palau, la jornada intersemanal presenta enfrentamientos de gran nivel que pueden provocar movimientos importantes en la clasificaci\u00f3n, lo que refuerza a\u00fan m\u00e1s la importancia del partido para los intereses del conjunto benidormense.<\/p> ","protected":false},"excerpt":{"rendered":"<p>Los de Iv\u00e1n Navarro necesitan ganar a La Laguna para poder depender de s\u00ed mismos en la \u00faltima jornada<\/p>\n","protected":false},"author":0,"featured_media":20883,"comment_status":"","ping_status":"open","sticky":false,"template":"","format":"standard","meta":{"_acf_changed":false,"footnotes":""},"categories":[16],"tags":[],"class_list":["post-20882","post","type-post","status-publish","format-standard","has-post-thumbnail","hentry","category-deportes"],"acf":{"ser_id":"K2QRK6VK6FCLZDT5LOYRL5VWYI","ser_url":"https:\/\/cadenaser.com\/comunitat-valenciana\/2025\/12\/17\/el-servigroup-benidorm-afronta-su-primera-final-copera-en-casa-radio-benidorm\/"},"_links":{"self":[{"href":"https:\/\/serbenidorm.daliisolutions.com\/index.php\/wp-json\/wp\/v2\/posts\/20882","targetHints":{"allow":["GET"]}}],"collection":[{"href":"https:\/\/serbenidorm.daliisolutions.com\/index.php\/wp-json\/wp\/v2\/posts"}],"about":[{"href":"https:\/\/serbenidorm.daliisolutions.com\/index.php\/wp-json\/wp\/v2\/types\/post"}],"replies":[{"embeddable":true,"href":"https:\/\/serbenidorm.daliisolutions.com\/index.php\/wp-json\/wp\/v2\/comments?post=20882"}],"version-history":[{"count":0,"href":"https:\/\/serbenidorm.daliisolutions.com\/index.php\/wp-json\/wp\/v2\/posts\/20882\/revisions"}],"wp:featuredmedia":[{"embeddable":true,"href":"https:\/\/serbenidorm.daliisolutions.com\/index.php\/wp-json\/wp\/v2\/media\/20883"}],"wp:attachment":[{"href":"https:\/\/serbenidorm.daliisolutions.com\/index.php\/wp-json\/wp\/v2\/media?parent=20882"}],"wp:term":[{"taxonomy":"category","embeddable":true,"href":"https:\/\/serbenidorm.daliisolutions.com\/index.php\/wp-json\/wp\/v2\/categories?post=20882"},{"taxonomy":"post_tag","embeddable":true,"href":"https:\/\/serbenidorm.daliisolutions.com\/index.php\/wp-json\/wp\/v2\/tags?post=20882"}],"curies":[{"name":"wp","href":"https:\/\/api.w.org\/{rel}","templated":true}]}}