{"id":20888,"date":"2025-12-17T15:16:53","date_gmt":"2025-12-17T14:16:53","guid":{"rendered":"https:\/\/serbenidorm.daliisolutions.com\/index.php\/2025\/12\/17\/la-incomparecencia-del-sant-cugat-mete-al-huesitos-la-vila-en-semifinales-de-copa\/"},"modified":"2025-12-17T15:16:53","modified_gmt":"2025-12-17T14:16:53","slug":"la-incomparecencia-del-sant-cugat-mete-al-huesitos-la-vila-en-semifinales-de-copa","status":"publish","type":"post","link":"https:\/\/serbenidorm.daliisolutions.com\/index.php\/2025\/12\/17\/la-incomparecencia-del-sant-cugat-mete-al-huesitos-la-vila-en-semifinales-de-copa\/","title":{"rendered":"La incomparecencia del Sant Cugat mete al Huesitos-La Vila en semifinales de Copa"},"content":{"rendered":" <p>Finalmente y por desgracia, el rumor que ven\u00eda haci\u00e9ndose cada vez m\u00e1s posible seg\u00fan pasaban los d\u00edas, se ha confirmado: el Sant Cugat no se presentar\u00e1 en el partido previsto para el pr\u00f3ximo domingo en El Pantano de La Vila Joiosa con motivo de la quinta y \u00faltima jornada de la primera fase de la Copa del Rey.<\/p>  <p>As\u00ed las cosas, y seg\u00fan la normativa de la propia competici\u00f3n, el partido se le dar\u00e1 autom\u00e1ticamente por ganado al Huesitos-La Vila, que llegaba a esta jornada como l\u00edder de la clasificaci\u00f3n y, por lo tanto, el equipo de Hern\u00e1n \u2018Falu\u2019 Quirelli ya tiene amarrado el pase a la semifinal del Torneo del KO.<\/p>  <p>En todo caso, y aunque la espantada del Sant Cugat implique la clasificaci\u00f3n vilera, esta incomparecencia del actual l\u00edder de la segunda divisi\u00f3n del rugby nacional, la decisi\u00f3n ha sentado muy mal en el club del Pantano, que hab\u00eda preparado para este choque una gran fiesta para compartir con sus aficionados el fenomenal a\u00f1o 2025 que deb\u00eda llegar a su fin, en lo deportivo, precisamente ese d\u00eda.<\/p>  <p>Ahora, el XV chocolatero podr\u00e1 descansar hasta el pr\u00f3ximo d\u00eda 11 de enero, cuando vuelva a ponerse en marcha la competici\u00f3n en la Divisi\u00f3n de Honor del rugby nacional con la disputa de su s\u00e9ptima jornada, en la que el Huesitos-La Vila visitar\u00e1 a la Santboiana. Una semana m\u00e1s tarde, los de \u2018Falu\u2019 volver\u00e1n a su estadio para v\u00e9rselas con el VRAC de Valladolid.<\/p> ","protected":false},"excerpt":{"rendered":"<p>El club catal\u00e1n ha hecho oficial que no viajar\u00e1 el domingo al Pantano<\/p>\n","protected":false},"author":0,"featured_media":20889,"comment_status":"","ping_status":"open","sticky":false,"template":"","format":"standard","meta":{"_acf_changed":false,"footnotes":""},"categories":[16],"tags":[],"class_list":["post-20888","post","type-post","status-publish","format-standard","has-post-thumbnail","hentry","category-deportes"],"acf":{"ser_id":"IAQMEHEUY5FR5NY4UOM4XTFJTY","ser_url":"https:\/\/cadenaser.com\/comunitat-valenciana\/2025\/12\/17\/la-incomparecencia-del-sant-cugat-mete-al-huesitos-la-vila-en-semifinales-de-copa-radio-benidorm\/"},"_links":{"self":[{"href":"https:\/\/serbenidorm.daliisolutions.com\/index.php\/wp-json\/wp\/v2\/posts\/20888","targetHints":{"allow":["GET"]}}],"collection":[{"href":"https:\/\/serbenidorm.daliisolutions.com\/index.php\/wp-json\/wp\/v2\/posts"}],"about":[{"href":"https:\/\/serbenidorm.daliisolutions.com\/index.php\/wp-json\/wp\/v2\/types\/post"}],"replies":[{"embeddable":true,"href":"https:\/\/serbenidorm.daliisolutions.com\/index.php\/wp-json\/wp\/v2\/comments?post=20888"}],"version-history":[{"count":0,"href":"https:\/\/serbenidorm.daliisolutions.com\/index.php\/wp-json\/wp\/v2\/posts\/20888\/revisions"}],"wp:featuredmedia":[{"embeddable":true,"href":"https:\/\/serbenidorm.daliisolutions.com\/index.php\/wp-json\/wp\/v2\/media\/20889"}],"wp:attachment":[{"href":"https:\/\/serbenidorm.daliisolutions.com\/index.php\/wp-json\/wp\/v2\/media?parent=20888"}],"wp:term":[{"taxonomy":"category","embeddable":true,"href":"https:\/\/serbenidorm.daliisolutions.com\/index.php\/wp-json\/wp\/v2\/categories?post=20888"},{"taxonomy":"post_tag","embeddable":true,"href":"https:\/\/serbenidorm.daliisolutions.com\/index.php\/wp-json\/wp\/v2\/tags?post=20888"}],"curies":[{"name":"wp","href":"https:\/\/api.w.org\/{rel}","templated":true}]}}