{"id":20904,"date":"2025-12-18T07:11:16","date_gmt":"2025-12-18T06:11:16","guid":{"rendered":"https:\/\/serbenidorm.daliisolutions.com\/index.php\/2025\/12\/18\/la-marina-baixa-volvera-a-ser-clave-en-la-vuelta-a-espana\/"},"modified":"2025-12-18T07:11:16","modified_gmt":"2025-12-18T06:11:16","slug":"la-marina-baixa-volvera-a-ser-clave-en-la-vuelta-a-espana","status":"publish","type":"post","link":"https:\/\/serbenidorm.daliisolutions.com\/index.php\/2025\/12\/18\/la-marina-baixa-volvera-a-ser-clave-en-la-vuelta-a-espana\/","title":{"rendered":"La Marina Baixa volver\u00e1 a ser clave en la Vuelta a Espa\u00f1a"},"content":{"rendered":" <p>Partiendo desde M\u00f3naco y con llegada final en Granada, la Vuelta a Espa\u00f1a de 2026 volver\u00e1 a visitar la Marina Baixa con motivo de su novena etapa, que el domingo, 30 de agosto, unir\u00e1 sobre un recorrido de 187,5 kil\u00f3metros, la localidad de La Vila Joiosa y la cima de Aitana en lo que volver\u00e1 a ser, como casi siempre que la ronda nacional visita la provincia de Alicante y la Marina Baixa, una de las jornadas clave de la carrera.<\/p>  <p>La Vuelta, que ha sido presentada en la tarde de este mi\u00e9rcoles.<\/p>  <p>Nunca antes La Vila Joiosa hab\u00eda acogido una salida o meta de una etapa de La Vuelta, por lo que la de 2026 supondr\u00e1 el debut de la villa chocolatera como sede de la m\u00e1s importante de las pruebas ciclistas que se celebran en nuestro pa\u00eds.<\/p>  <p>Desde all\u00ed, y por lo tanto desde el nivel del mar, el pelot\u00f3n afrontar\u00e1 una jornada \u2018rompepiernas\u2019 sin apenas un metro llano buscando un primer punto de inter\u00e9s en Finestrat para, tras pasar por La Nuc\u00eda y Callosa d\u2019en Sarri\u00e1, coronar el Puerto de Tudons (2\u00aa categor\u00eda), primer alto puntuable del d\u00eda tras apenas 36 kil\u00f3metros de pedaleo.<\/p>  <p>Tras un largo descenso de casi 25 kil\u00f3metros, la etapa se adentrar\u00e1, por fin, de pleno en el interior de la provincia exigiendo el m\u00e1ximo a los corredores. En esa fase de la carrera, los puertos de El Miserat (1\u00aacategor\u00eda), Tollos (3\u00aa categor\u00eda), de nuevo Tudons (2\u00aa categor\u00eda) y Benifallim (3\u00aa categor\u00eda) supondr\u00e1n s\u00f3lo el aperitivo para la gran raci\u00f3n final de alta monta\u00f1a.<\/p>  <p>Por quinta vez en la historia de la Vuelta a Espa\u00f1a, el pelot\u00f3n ascender\u00e1 hasta la cima del Alto de Aitana (1\u00aa categor\u00eda) diez a\u00f1os despu\u00e9s de la \u00faltima vez y en la edici\u00f3n en la que se cumple el 25\u00ba aniversario del debut del puerto en la ronda nacional.<\/p>  <p>Los m\u00e1s veteranos todav\u00eda recordar\u00e1n aquella ocasi\u00f3n de 2016 en la que Nairo Quintana y Chris Froome se jugaron en sus rampas la victoria final de aquella edici\u00f3n que, al contrario que en 2026, se disput\u00f3 s\u00f3lo un d\u00eda antes de la tradicional llegada a Madrid.<\/p>  <p>Esta vez, la etapa de la Marina Baixa ser\u00e1 la novena de La Vuelta, por lo que no decidir\u00e1 el nombre del ganador final; pero s\u00ed que podr\u00eda comenzar a abrir huecos importantes en la clasificaci\u00f3n y, sobre todo, a se\u00f1alar los primeros nombres que quedar\u00e1n descartados de la pelea por el triunfo en Granada que, por cierto, se convierte en la octava ciudad en ser sede de la \u00faltima etapa de La Vuelta tras Madrid, Bilbao, San Sebasti\u00e1n, Miranda de Ebro, Salamanca, Jerez y Santiago de Compostela.<\/p> ","protected":false},"excerpt":{"rendered":"<p>La novena etapa partir\u00e1 de La Vila Joiosa para llegar a la cima de Aitana<\/p>\n","protected":false},"author":0,"featured_media":20905,"comment_status":"","ping_status":"open","sticky":false,"template":"","format":"standard","meta":{"_acf_changed":false,"footnotes":""},"categories":[1],"tags":[],"class_list":["post-20904","post","type-post","status-publish","format-standard","has-post-thumbnail","hentry","category-sin-categoria"],"acf":{"ser_id":"VK5E5T6OUVG2BEMU5DSRCC32DY","ser_url":"https:\/\/cadenaser.com\/comunitat-valenciana\/2025\/12\/17\/la-marina-baixa-volvera-a-ser-clave-en-la-vuelta-a-espana-radio-benidorm\/"},"_links":{"self":[{"href":"https:\/\/serbenidorm.daliisolutions.com\/index.php\/wp-json\/wp\/v2\/posts\/20904","targetHints":{"allow":["GET"]}}],"collection":[{"href":"https:\/\/serbenidorm.daliisolutions.com\/index.php\/wp-json\/wp\/v2\/posts"}],"about":[{"href":"https:\/\/serbenidorm.daliisolutions.com\/index.php\/wp-json\/wp\/v2\/types\/post"}],"replies":[{"embeddable":true,"href":"https:\/\/serbenidorm.daliisolutions.com\/index.php\/wp-json\/wp\/v2\/comments?post=20904"}],"version-history":[{"count":0,"href":"https:\/\/serbenidorm.daliisolutions.com\/index.php\/wp-json\/wp\/v2\/posts\/20904\/revisions"}],"wp:featuredmedia":[{"embeddable":true,"href":"https:\/\/serbenidorm.daliisolutions.com\/index.php\/wp-json\/wp\/v2\/media\/20905"}],"wp:attachment":[{"href":"https:\/\/serbenidorm.daliisolutions.com\/index.php\/wp-json\/wp\/v2\/media?parent=20904"}],"wp:term":[{"taxonomy":"category","embeddable":true,"href":"https:\/\/serbenidorm.daliisolutions.com\/index.php\/wp-json\/wp\/v2\/categories?post=20904"},{"taxonomy":"post_tag","embeddable":true,"href":"https:\/\/serbenidorm.daliisolutions.com\/index.php\/wp-json\/wp\/v2\/tags?post=20904"}],"curies":[{"name":"wp","href":"https:\/\/api.w.org\/{rel}","templated":true}]}}