{"id":20906,"date":"2025-12-18T07:11:16","date_gmt":"2025-12-18T06:11:16","guid":{"rendered":"https:\/\/serbenidorm.daliisolutions.com\/index.php\/2025\/12\/18\/la-laguna-asalta-el-palau-y-corta-la-racha-del-servigroup-benidorm\/"},"modified":"2025-12-18T07:11:16","modified_gmt":"2025-12-18T06:11:16","slug":"la-laguna-asalta-el-palau-y-corta-la-racha-del-servigroup-benidorm","status":"publish","type":"post","link":"https:\/\/serbenidorm.daliisolutions.com\/index.php\/2025\/12\/18\/la-laguna-asalta-el-palau-y-corta-la-racha-del-servigroup-benidorm\/","title":{"rendered":"La Laguna asalta el Palau y corta la racha del Servigroup Benidorm"},"content":{"rendered":" <p>El idilio entre el Servigroup Benidorm y la victoria se rompi\u00f3 en la fr\u00eda noche del mi\u00e9rcoles de Benidorm despu\u00e9s de que el equipo del Palau cayera en casa por 3-1 (25-16, 17-25, 21-25 y 29-31) en un choque que comenz\u00f3 con claro dominio de los de Iv\u00e1n Navarro y termin\u00f3 tras un ag\u00f3nico cuarto set que puso en pie al, de nuevo, numeros\u00edsimo p\u00fablico congregado en el Palau d\u2019Esports.<\/p>  <p>Tras esta derrota sin puntos, las opciones del Servigroup Benidorm de meterse en la Copa del Rey no desaparecen por completo, pero s\u00ed quedan reducidas a la m\u00ednima expresi\u00f3n y pasan por sumar los tres puntos el s\u00e1bado (17:00 horas) ante el Legan\u00e9s y esperar, a la vez, el tropiezo de La Laguna en casa ante Teruel.<\/p>  <p>El partido comenz\u00f3 pl\u00e1cido. Casi demasiado f\u00e1cil, con un Servigroup Benidorm que apenas necesit\u00f3 un peque\u00f1o intercambio de puntos antes de hacerse con la cancha y, sobre todo, con el marcador ante un La Laguna incapaz, pese a los intentos de su entrenador, de encontrar la manera de parar el vendaval de juego local, a un equipo al que parec\u00eda que le sal\u00eda todo y en todo momento. Un primer set, en definitiva, sin historia que se sald\u00f3 con clara victoria benidormense por 25-16 y que hac\u00eda presagiar un choque c\u00f3modo para los de Iv\u00e1n Navarro.<\/p>  <p>Sin embargo, todo cambi\u00f3 en el segundo set. El dominio local se desvaneci\u00f3 y La Laguna, sin hacer nada excesivamente brillante, encontr\u00f3 la manera de hacer da\u00f1o llevando el encuentro a algo mucho m\u00e1s parecido a lo que la igualdad de ambos equipos en la tabla pod\u00eda hacer presagiar.<\/p>  <p>Los canarios se situaron por delante en el luminoso desde los primeros intercambios y, aunque Servigroup Benidorm logr\u00f3 acercase en momentos puntuales, nada se pudo hacer para evitar que La Laguna igualara el tanteador general con un parcial de 17-25.<\/p>  <p>Los canarios hab\u00edan tardado en despertar, pero tras ese buen momento, los laguneros supieron mantener la presi\u00f3n y, sobre todo, el control del marcador durante el tercer set, que tambi\u00e9n cay\u00f3 de su lado por 21-25 y con un global de 1-2 dejaba al Servigroup Benidorm, que a estas alturas ya conoc\u00eda la victoria de Legan\u00e9s en Manacor, contra las cuerdas.<\/p>  <p>El cuarto y \u00faltimo set fue, a la postre, el mejor resumen de un partido que fue, por momentos, de dominio local, por otros, visitante y, en algunos instantes, igualado. Fue el Servigroup Benidorm el que march\u00f3 por delante durante la pr\u00e1ctica totalidad de esa manga, pero una gran reacci\u00f3n canaria en el tramo final (cuando Benidorm hab\u00eda contado ya con dos bolas de set) permiti\u00f3 a La Laguna, con un parcial de 29-31, asaltar el Palau, marcharse con los tres puntos y dejar a los de Iv\u00e1n Navarro con opciones muy remotas ya de meterse en la Copa del Rey.<\/p> ","protected":false},"excerpt":{"rendered":"<p>Los canarios remontaron tras un primer set de claro dominio local<\/p>\n","protected":false},"author":0,"featured_media":20907,"comment_status":"","ping_status":"open","sticky":false,"template":"","format":"standard","meta":{"_acf_changed":false,"footnotes":""},"categories":[16],"tags":[],"class_list":["post-20906","post","type-post","status-publish","format-standard","has-post-thumbnail","hentry","category-deportes"],"acf":{"ser_id":"REXMUMIVIZEFPKLZH2BNH7X3FU","ser_url":"https:\/\/cadenaser.com\/comunitat-valenciana\/2025\/12\/17\/la-laguna-asalta-el-palau-y-corta-la-racha-del-servigroup-benidorm-radio-benidorm\/"},"_links":{"self":[{"href":"https:\/\/serbenidorm.daliisolutions.com\/index.php\/wp-json\/wp\/v2\/posts\/20906","targetHints":{"allow":["GET"]}}],"collection":[{"href":"https:\/\/serbenidorm.daliisolutions.com\/index.php\/wp-json\/wp\/v2\/posts"}],"about":[{"href":"https:\/\/serbenidorm.daliisolutions.com\/index.php\/wp-json\/wp\/v2\/types\/post"}],"replies":[{"embeddable":true,"href":"https:\/\/serbenidorm.daliisolutions.com\/index.php\/wp-json\/wp\/v2\/comments?post=20906"}],"version-history":[{"count":0,"href":"https:\/\/serbenidorm.daliisolutions.com\/index.php\/wp-json\/wp\/v2\/posts\/20906\/revisions"}],"wp:featuredmedia":[{"embeddable":true,"href":"https:\/\/serbenidorm.daliisolutions.com\/index.php\/wp-json\/wp\/v2\/media\/20907"}],"wp:attachment":[{"href":"https:\/\/serbenidorm.daliisolutions.com\/index.php\/wp-json\/wp\/v2\/media?parent=20906"}],"wp:term":[{"taxonomy":"category","embeddable":true,"href":"https:\/\/serbenidorm.daliisolutions.com\/index.php\/wp-json\/wp\/v2\/categories?post=20906"},{"taxonomy":"post_tag","embeddable":true,"href":"https:\/\/serbenidorm.daliisolutions.com\/index.php\/wp-json\/wp\/v2\/tags?post=20906"}],"curies":[{"name":"wp","href":"https:\/\/api.w.org\/{rel}","templated":true}]}}