{"id":20916,"date":"2025-12-18T13:41:45","date_gmt":"2025-12-18T12:41:45","guid":{"rendered":"https:\/\/serbenidorm.daliisolutions.com\/index.php\/2025\/12\/18\/el-trinquet-de-benidorm-acoge-la-xxxvi-edicion-del-trofeu-nadal-en-memoria-de-vicente-perez-devesa\/"},"modified":"2025-12-18T13:41:45","modified_gmt":"2025-12-18T12:41:45","slug":"el-trinquet-de-benidorm-acoge-la-xxxvi-edicion-del-trofeu-nadal-en-memoria-de-vicente-perez-devesa","status":"publish","type":"post","link":"https:\/\/serbenidorm.daliisolutions.com\/index.php\/2025\/12\/18\/el-trinquet-de-benidorm-acoge-la-xxxvi-edicion-del-trofeu-nadal-en-memoria-de-vicente-perez-devesa\/","title":{"rendered":"El trinquet de Benidorm acoge la XXXVI edici\u00f3n del \u2018Trofeu Nadal\u2019 en memoria de Vicente P\u00e9rez Devesa"},"content":{"rendered":" <p>El trinquet \u2018Alcalde Vicente P\u00e9rez Devesa\u2019 de Benidorm volver\u00e1 a acoger, un a\u00f1o m\u00e1s, el \u2018Trofeu Nadal \u2013Memorial Vicent P\u00e9rez Devesa\u2019 de pilota valenciana en la modalidad de \u2018escala i corda\u2019, uno de los eventos m\u00e1s tradicionales de este deporte aut\u00f3ctono i que cumple este a\u00f1o su XXXVI. El concejal de Deportes del Ayuntamiento de Benidorm, Javier Jord\u00e1, ha presentado este jueves todos los detalles de esta edici\u00f3n, junto a Vicente P\u00e9rez Agull\u00f3, hijo del alcalde que da nombre al torneo, y el \u2018pilotari\u2019 Pere Ribes, componente de uno de los tr\u00edos que participan en las partidas. <\/p>  <p>Javier Jord\u00e1 ha querido recordar en primer t\u00e9rmino \u201cla figura de Vicente P\u00e9rez Devesa, que desde su condici\u00f3n de alcalde trabaj\u00f3 para cuidar y promocionar en Benidorm una se\u00f1a de identidad como es el deporte aut\u00f3ctono de la pilota\u201d. Igualmente, el edil ha destacado que en la composici\u00f3n de los equipos para este torneo \u201csiempre se prioriza reunir a los mejores jugadores de las dos comarcas de la Marina\u201d, que en esta ocasi\u00f3n, ha dicho, \u201cllegan en un gran momento de forma, lo que otorga un valor a\u00f1adido a la configuraci\u00f3n de los tr\u00edos participantes\u201d. <\/p>  <p>El edil tambi\u00e9n ha recordado que durante los d\u00edas en los que se disputa este memorial \u201cse vive un gran ambiente en el trinquet\u201d y ha invitado a los aficionados a este deporte de toda la provincia a \u201cvenir los d\u00edas 21, 23 y 28 para poder disfrutar de la que es sin duda una de las grandes citas del a\u00f1o para la pilota valenciana\u201d. <\/p>  <p>La primera semifinal tendr\u00e1 lugar el domingo 21 de diciembre, a las 11.30 horas, y enfrentar\u00e1 a Giner, \u00c1lvaro Gimeno y Jes\u00fas contra Jos\u00e9 Salvador, Conillet y Bueno. &nbsp;<\/p>  <p>La partida de la segunda semifinal se disputar\u00e1 el martes 23 de diciembre, a las 17 horas, entre los \u2018pilotaris\u2019 Pere Roc II, H\u00e9ctor y Carlos contra Franc\u00e9s, Pere y Guillem Palau.<\/p>  <p>Por \u00faltimo, el domingo 28 de diciembre, a las 11.30 horas, se disputar\u00e1 la gran final del torneo entre los equipos ganadores de ambas semifinales, poniendo \u201cel punto final al a\u00f1o deportivo en Benidorm\u201d, tal y como ha destacado Jord\u00e1.<\/p>  <p>En nombre de los deportistas que participar\u00e1n en el torneo, Pere Ribes, que estar\u00e1 en la segunda semifinal, ha destacado que \u201ceste Trofeu de Nadal es muy importante para todos los que somos de la Marina, porque desde peque\u00f1itos hemos crecido en el mundo de la pilota escuchando y recordando a Vicent P\u00e9rez Devesa, que ha sido todo un referente en este deporte\u201d. Asimismo, ha explicado que este a\u00f1o \u201cnos vamos a enfrentar cuatro tr\u00edos muy potentes y de mucho nivel, as\u00ed que nos va a tocar pelear mucho para poder ganar\u201d. <\/p>  <p>Por \u00faltimo, Vicente P\u00e9rez Agull\u00f3 ha mostrado su \u201corgullo y honor por el hecho de que el torneo lleve el nombre de mi padre\u201d y ha recordado que el torneo \u201ces un aliciente especial\u201d para los jugadores y asistentes. Asimismo, ha agradecido \u201cel apoyo del alcalde y del Ayuntamiento para que este trofeo se siga celebrando a\u00f1o tras a\u00f1o\u201d y ha hecho extensivo este memorial, tambi\u00e9n, a sus t\u00edos Pepe y Miguel P\u00e9rez Devesa. \u201cSi fueran jugadores, Pepe en el \u2018dau\u2019, Miguel de \u2018mitger\u2019 y Vicente de \u2018punter\u2019 habr\u00edan hecho tambi\u00e9n un tr\u00edo tan espectacular\u201d. <\/p> ","protected":false},"excerpt":{"rendered":"<p>Se disputar\u00e1 los d\u00edas 21, 23 y 28 de diciembre, en la modalidad de \u2018escala i corda\u2019 y enfrentar\u00e1 a destacados \u2018pilotaris\u2019 de las comarcas de la Marina<\/p>\n","protected":false},"author":0,"featured_media":20917,"comment_status":"","ping_status":"open","sticky":false,"template":"","format":"standard","meta":{"_acf_changed":false,"footnotes":""},"categories":[16],"tags":[],"class_list":["post-20916","post","type-post","status-publish","format-standard","has-post-thumbnail","hentry","category-deportes"],"acf":{"ser_id":"JLNIN4VOTZDKZF2HIKRM25FLMM","ser_url":"https:\/\/cadenaser.com\/comunitat-valenciana\/2025\/12\/18\/el-trinquet-de-benidorm-acoge-la-xxxvi-edicion-del-trofeu-nadal-en-memoria-de-vicente-perez-devesa-radio-benidorm\/"},"_links":{"self":[{"href":"https:\/\/serbenidorm.daliisolutions.com\/index.php\/wp-json\/wp\/v2\/posts\/20916","targetHints":{"allow":["GET"]}}],"collection":[{"href":"https:\/\/serbenidorm.daliisolutions.com\/index.php\/wp-json\/wp\/v2\/posts"}],"about":[{"href":"https:\/\/serbenidorm.daliisolutions.com\/index.php\/wp-json\/wp\/v2\/types\/post"}],"replies":[{"embeddable":true,"href":"https:\/\/serbenidorm.daliisolutions.com\/index.php\/wp-json\/wp\/v2\/comments?post=20916"}],"version-history":[{"count":0,"href":"https:\/\/serbenidorm.daliisolutions.com\/index.php\/wp-json\/wp\/v2\/posts\/20916\/revisions"}],"wp:featuredmedia":[{"embeddable":true,"href":"https:\/\/serbenidorm.daliisolutions.com\/index.php\/wp-json\/wp\/v2\/media\/20917"}],"wp:attachment":[{"href":"https:\/\/serbenidorm.daliisolutions.com\/index.php\/wp-json\/wp\/v2\/media?parent=20916"}],"wp:term":[{"taxonomy":"category","embeddable":true,"href":"https:\/\/serbenidorm.daliisolutions.com\/index.php\/wp-json\/wp\/v2\/categories?post=20916"},{"taxonomy":"post_tag","embeddable":true,"href":"https:\/\/serbenidorm.daliisolutions.com\/index.php\/wp-json\/wp\/v2\/tags?post=20916"}],"curies":[{"name":"wp","href":"https:\/\/api.w.org\/{rel}","templated":true}]}}