{"id":20918,"date":"2025-12-18T14:59:29","date_gmt":"2025-12-18T13:59:29","guid":{"rendered":"https:\/\/serbenidorm.daliisolutions.com\/index.php\/2025\/12\/18\/nati-algado-el-nuevo-instituto-sera-realidad-a-finales-de-2026-y-marcara-el-futuro-educativo-de-finestrat\/"},"modified":"2025-12-18T14:59:29","modified_gmt":"2025-12-18T13:59:29","slug":"nati-algado-el-nuevo-instituto-sera-realidad-a-finales-de-2026-y-marcara-el-futuro-educativo-de-finestrat","status":"publish","type":"post","link":"https:\/\/serbenidorm.daliisolutions.com\/index.php\/2025\/12\/18\/nati-algado-el-nuevo-instituto-sera-realidad-a-finales-de-2026-y-marcara-el-futuro-educativo-de-finestrat\/","title":{"rendered":"Nati Algado: \u201cEl nuevo instituto ser\u00e1 realidad a finales de 2026 y marcar\u00e1 el futuro educativo de Finestrat\u201d"},"content":{"rendered":" <p>La alcaldesa de Finestrat, Nati Algado, ha realizado hoy balance de las actuaciones m\u00e1s destacadas realizadas por el Ayuntamiento en este 2025 y ha avanzado los principales proyectos para 2026 en un encuentro navide\u00f1o con los medios de comunicaci\u00f3n.<\/p>  <p>En Hoy por Hoy Benidorm, la reci\u00e9n elegida alcaldesa ha defendido la continuidad del proyecto de gobierno y por la puesta en marcha de infraestructuras clave para el crecimiento del municipio.<\/p>  <p>Algado, que asumi\u00f3 recientemente la Alcald\u00eda tras seis a\u00f1os formando parte del equipo de gobierno, ha querido comenzar reconociendo la labor de su predecesor, Juanfran P\u00e9rez Llorca, actual presidente de la Generalitat Valenciana, destacando la estabilidad y la hoja de ruta heredada para afrontar los pr\u00f3ximos a\u00f1os.<\/p>  <p>Uno de los proyectos m\u00e1s destacados de 2025 es la construcci\u00f3n del nuevo instituto de Finestrat, una reivindicaci\u00f3n hist\u00f3rica que ya se encuentra en ejecuci\u00f3n. El centro contar\u00e1 con 560 plazas educativas, aulas de ESO, Bachillerato y ciclos formativos, adem\u00e1s de instalaciones deportivas, y permitir\u00e1 que el alumnado complete toda su formaci\u00f3n en el propio municipio.<\/p>  <p>En materia educativa, la alcaldesa ha avanzado tambi\u00e9n la creaci\u00f3n de una segunda escuela infantil municipal con 110 plazas, ubicada en la zona de urbanizaciones, as\u00ed como el impulso del tercer colegio p\u00fablico, cuyos tr\u00e1mites ya est\u00e1n en marcha dentro del Plan Edificant, para dar respuesta al crecimiento demogr\u00e1fico de la localidad.<\/p>  <p>La mejora integral del entorno urbano es otro de los grandes ejes del mandato, con actuaciones como el Anillo Verde, la V\u00eda Verde que conectar\u00e1 la Cala con el bulevar comercial y la parada del TRAM, el ascensor al Castell para eliminar barreras arquitect\u00f3nicas y la renovaci\u00f3n de calles del casco hist\u00f3rico para hacerlas m\u00e1s accesibles, sostenibles y modernas.<\/p>  <p>En el \u00e1mbito econ\u00f3mico, Algado ha subrayado el buen momento del empleo en Finestrat, con una tasa de paro en torno al 6%, vinculada al crecimiento del comercio y la llegada de nuevas marcas al bulevar comercial. \u201cEl comercio es econom\u00eda y es empleo\u201d, se\u00f1ala, destacando la importancia de apoyar tanto a las grandes superficies como al comercio tradicional.<\/p>  <p>De cara a 2026, la alcaldesa explic\u00f3 que el objetivo ser\u00e1 consolidar todas las infraestructuras que ya est\u00e1n en marcha, avanzar en el nuevo plan de ordenaci\u00f3n urbana y seguir escuchando a la ciudadan\u00eda. \u201cNuestro reto es crecer, pero hacerlo de forma ordenada y pensando siempre en la calidad de vida de nuestros vecinos\u201d, concluye.<\/p> ","protected":false},"excerpt":{"rendered":"<p>La reci\u00e9n elegida alcaldesa hace balance de 2025 y avanza proyectos principales para 2026, con educaci\u00f3n, escena urbana y empleo como ejes prioritarios<\/p>\n","protected":false},"author":0,"featured_media":20919,"comment_status":"","ping_status":"open","sticky":false,"template":"","format":"standard","meta":{"_acf_changed":false,"footnotes":""},"categories":[1],"tags":[],"class_list":["post-20918","post","type-post","status-publish","format-standard","has-post-thumbnail","hentry","category-sin-categoria"],"acf":{"ser_id":"PMVJRUI2IND3BFUY3HGAGD3OYU","ser_url":"https:\/\/cadenaser.com\/comunitat-valenciana\/2025\/12\/18\/nati-algado-el-nuevo-instituto-sera-realidad-a-finales-de-2026-y-marcara-el-futuro-educativo-de-finestrat-radio-benidorm\/"},"_links":{"self":[{"href":"https:\/\/serbenidorm.daliisolutions.com\/index.php\/wp-json\/wp\/v2\/posts\/20918","targetHints":{"allow":["GET"]}}],"collection":[{"href":"https:\/\/serbenidorm.daliisolutions.com\/index.php\/wp-json\/wp\/v2\/posts"}],"about":[{"href":"https:\/\/serbenidorm.daliisolutions.com\/index.php\/wp-json\/wp\/v2\/types\/post"}],"replies":[{"embeddable":true,"href":"https:\/\/serbenidorm.daliisolutions.com\/index.php\/wp-json\/wp\/v2\/comments?post=20918"}],"version-history":[{"count":0,"href":"https:\/\/serbenidorm.daliisolutions.com\/index.php\/wp-json\/wp\/v2\/posts\/20918\/revisions"}],"wp:featuredmedia":[{"embeddable":true,"href":"https:\/\/serbenidorm.daliisolutions.com\/index.php\/wp-json\/wp\/v2\/media\/20919"}],"wp:attachment":[{"href":"https:\/\/serbenidorm.daliisolutions.com\/index.php\/wp-json\/wp\/v2\/media?parent=20918"}],"wp:term":[{"taxonomy":"category","embeddable":true,"href":"https:\/\/serbenidorm.daliisolutions.com\/index.php\/wp-json\/wp\/v2\/categories?post=20918"},{"taxonomy":"post_tag","embeddable":true,"href":"https:\/\/serbenidorm.daliisolutions.com\/index.php\/wp-json\/wp\/v2\/tags?post=20918"}],"curies":[{"name":"wp","href":"https:\/\/api.w.org\/{rel}","templated":true}]}}